{"id":865,"date":"2024-02-05T21:40:27","date_gmt":"2024-02-05T20:40:27","guid":{"rendered":"https:\/\/www.extradesignblog.eu\/?p=865"},"modified":"2026-01-02T15:41:42","modified_gmt":"2026-01-02T14:41:42","slug":"navrh-interieru-chlapcenskej-detskej-izby-v-modrych-pastelovych-tonoch","status":"publish","type":"post","link":"https:\/\/www.extradesignblog.eu\/en\/2024\/02\/05\/navrh-interieru-chlapcenskej-detskej-izby-v-modrych-pastelovych-tonoch\/","title":{"rendered":"Interior Design Proposal for a Boy\u2019s Bedroom in Soft Blue Pastel Tones"},"content":{"rendered":"<div data-elementor-type=\"wp-post\" data-elementor-id=\"865\" class=\"elementor elementor-865\">\n\t\t\t\t<div class=\"elementor-element elementor-element-2bec3d6 e-flex e-con-boxed wpr-particle-no wpr-jarallax-no wpr-parallax-no wpr-sticky-section-no e-con e-parent\" data-id=\"2bec3d6\" data-element_type=\"container\">\n\t\t\t\t\t<div class=\"e-con-inner\">\n\t\t\t\t<div class=\"elementor-element elementor-element-6074f26 elementor-widget elementor-widget-text-editor\" data-id=\"6074f26\" data-element_type=\"widget\" data-widget_type=\"text-editor.default\">\n\t\t\t\t<div class=\"elementor-widget-container\">\n\t\t\t\t\t\t\t\t\t<div class=\"x9f619 xjbqb8w x78zum5 x168nmei x13lgxp2 x5pf9jr xo71vjh xw3qccf x1n2onr6 x1plvlek xryxfnj x1c4vz4f x2lah0s xdt5ytf xqjyukv x1qjc9v5 x1oa3qoh x1nhvcw1\">\n<p>Can a children\u2019s room be both fun today and functional for tomorrow?<\/p>\n<p><strong>In children\u2019s rooms, we always place a strong emphasis on smart storage solutions.<\/strong> In this case, we designed a custom bookshelf to meet the needs of a preschooler and later a school-age child.<\/p>\n<p>For the color scheme, we chose a typical boys\u2019 blue as an accent color. The main tones are neutral\u2014white and natural wood. To soften the room, we added wallpaper in warmer shades with a pleasant, playful pattern.<\/p>\n<p>As the child grows, the room is thoughtfully designed to transition smoothly into the next stage.<\/p>\n<p><strong>This project also included a curated selection of furnishings (a shopping list), ensuring a cohesive design and giving the client the ability to complete the room exactly as planned. You can find it HERE. <a href=\"https:\/\/www.extradesignblog.eu\/en\/2024\/02\/12\/dizajnovy-tip-nakupny-zoznam-k-nasmu-navrhu-detskej-izby\/\" target=\"_blank\" rel=\"noopener\">HERE<\/a>.<br \/><\/strong><\/p>\n<p>\u00a0<\/p>\n<\/div>\n<p><!-- \/wp:paragraph --><\/p>\t\t\t\t\t\t\t\t<\/div>\n\t\t\t\t<\/div>\n\t\t\t\t<div class=\"elementor-element elementor-element-f979093 elementor-widget elementor-widget-text-editor\" data-id=\"f979093\" data-element_type=\"widget\" data-widget_type=\"text-editor.default\">\n\t\t\t\t<div class=\"elementor-widget-container\">\n\t\t\t\t\t\t\t\t\t<p>Take a Closer Look: The Gallery Behind This Design<\/p>\t\t\t\t\t\t\t\t<\/div>\n\t\t\t\t<\/div>\n\t\t\t\t<div class=\"elementor-element elementor-element-ceb48c3 elementor-widget elementor-widget-image\" data-id=\"ceb48c3\" data-element_type=\"widget\" data-widget_type=\"image.default\">\n\t\t\t\t<div class=\"elementor-widget-container\">\n\t\t\t\t\t\t\t\t\t\t\t\t\t\t\t<img fetchpriority=\"high\" decoding=\"async\" width=\"960\" height=\"720\" src=\"https:\/\/www.extradesignblog.eu\/wp-content\/uploads\/2024\/02\/navrh-interieru-detskej-izby_02-1024x768.jpg\" class=\"attachment-large size-large wp-image-1240\" alt=\"\" srcset=\"https:\/\/www.extradesignblog.eu\/wp-content\/uploads\/2024\/02\/navrh-interieru-detskej-izby_02-1024x768.jpg 1024w, https:\/\/www.extradesignblog.eu\/wp-content\/uploads\/2024\/02\/navrh-interieru-detskej-izby_02-300x225.jpg 300w, https:\/\/www.extradesignblog.eu\/wp-content\/uploads\/2024\/02\/navrh-interieru-detskej-izby_02-768x576.jpg 768w, https:\/\/www.extradesignblog.eu\/wp-content\/uploads\/2024\/02\/navrh-interieru-detskej-izby_02-1536x1152.jpg 1536w, https:\/\/www.extradesignblog.eu\/wp-content\/uploads\/2024\/02\/navrh-interieru-detskej-izby_02-2048x1536.jpg 2048w\" sizes=\"(max-width: 960px) 100vw, 960px\" \/>\t\t\t\t\t\t\t\t\t\t\t\t\t\t\t<\/div>\n\t\t\t\t<\/div>\n\t\t<div class=\"elementor-element elementor-element-345ddd0 e-grid e-con-full wpr-particle-no wpr-jarallax-no wpr-parallax-no wpr-sticky-section-no e-con e-child\" data-id=\"345ddd0\" data-element_type=\"container\">\n\t\t\t\t<div class=\"elementor-element elementor-element-f373429 elementor-widget elementor-widget-image\" data-id=\"f373429\" data-element_type=\"widget\" data-widget_type=\"image.default\">\n\t\t\t\t<div class=\"elementor-widget-container\">\n\t\t\t\t\t\t\t\t\t\t\t\t\t\t\t<img decoding=\"async\" width=\"960\" height=\"720\" src=\"https:\/\/www.extradesignblog.eu\/wp-content\/uploads\/2024\/02\/navrh-interieru-detskej-izby_06-1024x768.png\" class=\"attachment-large size-large wp-image-1244\" alt=\"\" srcset=\"https:\/\/www.extradesignblog.eu\/wp-content\/uploads\/2024\/02\/navrh-interieru-detskej-izby_06-1024x768.png 1024w, https:\/\/www.extradesignblog.eu\/wp-content\/uploads\/2024\/02\/navrh-interieru-detskej-izby_06-300x225.png 300w, https:\/\/www.extradesignblog.eu\/wp-content\/uploads\/2024\/02\/navrh-interieru-detskej-izby_06-768x576.png 768w, https:\/\/www.extradesignblog.eu\/wp-content\/uploads\/2024\/02\/navrh-interieru-detskej-izby_06-1536x1152.png 1536w, https:\/\/www.extradesignblog.eu\/wp-content\/uploads\/2024\/02\/navrh-interieru-detskej-izby_06.png 1813w\" sizes=\"(max-width: 960px) 100vw, 960px\" \/>\t\t\t\t\t\t\t\t\t\t\t\t\t\t\t<\/div>\n\t\t\t\t<\/div>\n\t\t\t\t<div class=\"elementor-element elementor-element-e0e6d93 elementor-widget elementor-widget-image\" data-id=\"e0e6d93\" data-element_type=\"widget\" data-widget_type=\"image.default\">\n\t\t\t\t<div class=\"elementor-widget-container\">\n\t\t\t\t\t\t\t\t\t\t\t\t\t\t\t<img decoding=\"async\" width=\"960\" height=\"720\" src=\"https:\/\/www.extradesignblog.eu\/wp-content\/uploads\/2024\/02\/navrh-interieru-detskej-izby_04-1024x768.png\" class=\"attachment-large size-large wp-image-1242\" alt=\"\" srcset=\"https:\/\/www.extradesignblog.eu\/wp-content\/uploads\/2024\/02\/navrh-interieru-detskej-izby_04-1024x768.png 1024w, https:\/\/www.extradesignblog.eu\/wp-content\/uploads\/2024\/02\/navrh-interieru-detskej-izby_04-300x225.png 300w, https:\/\/www.extradesignblog.eu\/wp-content\/uploads\/2024\/02\/navrh-interieru-detskej-izby_04-768x576.png 768w, https:\/\/www.extradesignblog.eu\/wp-content\/uploads\/2024\/02\/navrh-interieru-detskej-izby_04-1536x1152.png 1536w, https:\/\/www.extradesignblog.eu\/wp-content\/uploads\/2024\/02\/navrh-interieru-detskej-izby_04.png 1696w\" sizes=\"(max-width: 960px) 100vw, 960px\" \/>\t\t\t\t\t\t\t\t\t\t\t\t\t\t\t<\/div>\n\t\t\t\t<\/div>\n\t\t\t\t<div class=\"elementor-element elementor-element-e5e16e8 elementor-widget elementor-widget-image\" data-id=\"e5e16e8\" data-element_type=\"widget\" data-widget_type=\"image.default\">\n\t\t\t\t<div class=\"elementor-widget-container\">\n\t\t\t\t\t\t\t\t\t\t\t\t\t\t\t<img loading=\"lazy\" decoding=\"async\" width=\"960\" height=\"720\" src=\"https:\/\/www.extradesignblog.eu\/wp-content\/uploads\/2024\/02\/navrh-interieru-detskej-izby_07-1024x768.png\" class=\"attachment-large size-large wp-image-1245\" alt=\"\" srcset=\"https:\/\/www.extradesignblog.eu\/wp-content\/uploads\/2024\/02\/navrh-interieru-detskej-izby_07-1024x768.png 1024w, https:\/\/www.extradesignblog.eu\/wp-content\/uploads\/2024\/02\/navrh-interieru-detskej-izby_07-300x225.png 300w, https:\/\/www.extradesignblog.eu\/wp-content\/uploads\/2024\/02\/navrh-interieru-detskej-izby_07-768x576.png 768w, https:\/\/www.extradesignblog.eu\/wp-content\/uploads\/2024\/02\/navrh-interieru-detskej-izby_07-1536x1153.png 1536w, https:\/\/www.extradesignblog.eu\/wp-content\/uploads\/2024\/02\/navrh-interieru-detskej-izby_07.png 1751w\" sizes=\"(max-width: 960px) 100vw, 960px\" \/>\t\t\t\t\t\t\t\t\t\t\t\t\t\t\t<\/div>\n\t\t\t\t<\/div>\n\t\t\t\t<div class=\"elementor-element elementor-element-a5f1f8f elementor-widget elementor-widget-image\" data-id=\"a5f1f8f\" data-element_type=\"widget\" data-widget_type=\"image.default\">\n\t\t\t\t<div class=\"elementor-widget-container\">\n\t\t\t\t\t\t\t\t\t\t\t\t\t\t\t<img loading=\"lazy\" decoding=\"async\" width=\"960\" height=\"720\" src=\"https:\/\/www.extradesignblog.eu\/wp-content\/uploads\/2024\/02\/navrh-interieru-detskej-izby_08-1024x768.png\" class=\"attachment-large size-large wp-image-1246\" alt=\"\" srcset=\"https:\/\/www.extradesignblog.eu\/wp-content\/uploads\/2024\/02\/navrh-interieru-detskej-izby_08-1024x768.png 1024w, https:\/\/www.extradesignblog.eu\/wp-content\/uploads\/2024\/02\/navrh-interieru-detskej-izby_08-300x225.png 300w, https:\/\/www.extradesignblog.eu\/wp-content\/uploads\/2024\/02\/navrh-interieru-detskej-izby_08-768x576.png 768w, https:\/\/www.extradesignblog.eu\/wp-content\/uploads\/2024\/02\/navrh-interieru-detskej-izby_08-1536x1152.png 1536w, https:\/\/www.extradesignblog.eu\/wp-content\/uploads\/2024\/02\/navrh-interieru-detskej-izby_08-2048x1536.png 2048w\" sizes=\"(max-width: 960px) 100vw, 960px\" \/>\t\t\t\t\t\t\t\t\t\t\t\t\t\t\t<\/div>\n\t\t\t\t<\/div>\n\t\t\t\t<div class=\"elementor-element elementor-element-6b47133 elementor-widget elementor-widget-image\" data-id=\"6b47133\" data-element_type=\"widget\" data-widget_type=\"image.default\">\n\t\t\t\t<div class=\"elementor-widget-container\">\n\t\t\t\t\t\t\t\t\t\t\t\t\t\t\t<img loading=\"lazy\" decoding=\"async\" width=\"960\" height=\"720\" src=\"https:\/\/www.extradesignblog.eu\/wp-content\/uploads\/2024\/02\/navrh-interieru-detskej-izby_05-1024x768.png\" class=\"attachment-large size-large wp-image-1243\" alt=\"\" srcset=\"https:\/\/www.extradesignblog.eu\/wp-content\/uploads\/2024\/02\/navrh-interieru-detskej-izby_05-1024x768.png 1024w, https:\/\/www.extradesignblog.eu\/wp-content\/uploads\/2024\/02\/navrh-interieru-detskej-izby_05-300x225.png 300w, https:\/\/www.extradesignblog.eu\/wp-content\/uploads\/2024\/02\/navrh-interieru-detskej-izby_05-768x576.png 768w, https:\/\/www.extradesignblog.eu\/wp-content\/uploads\/2024\/02\/navrh-interieru-detskej-izby_05-1536x1152.png 1536w, https:\/\/www.extradesignblog.eu\/wp-content\/uploads\/2024\/02\/navrh-interieru-detskej-izby_05-2048x1536.png 2048w\" sizes=\"(max-width: 960px) 100vw, 960px\" \/>\t\t\t\t\t\t\t\t\t\t\t\t\t\t\t<\/div>\n\t\t\t\t<\/div>\n\t\t\t\t<div class=\"elementor-element elementor-element-1d586ce elementor-widget elementor-widget-image\" data-id=\"1d586ce\" data-element_type=\"widget\" data-widget_type=\"image.default\">\n\t\t\t\t<div class=\"elementor-widget-container\">\n\t\t\t\t\t\t\t\t\t\t\t\t\t\t\t<img loading=\"lazy\" decoding=\"async\" width=\"960\" height=\"720\" src=\"https:\/\/www.extradesignblog.eu\/wp-content\/uploads\/2024\/02\/navrh-interieru-detskej-izby_03-1024x768.png\" class=\"attachment-large size-large wp-image-1241\" alt=\"\" srcset=\"https:\/\/www.extradesignblog.eu\/wp-content\/uploads\/2024\/02\/navrh-interieru-detskej-izby_03-1024x768.png 1024w, https:\/\/www.extradesignblog.eu\/wp-content\/uploads\/2024\/02\/navrh-interieru-detskej-izby_03-300x225.png 300w, https:\/\/www.extradesignblog.eu\/wp-content\/uploads\/2024\/02\/navrh-interieru-detskej-izby_03-768x576.png 768w, https:\/\/www.extradesignblog.eu\/wp-content\/uploads\/2024\/02\/navrh-interieru-detskej-izby_03-1536x1152.png 1536w, https:\/\/www.extradesignblog.eu\/wp-content\/uploads\/2024\/02\/navrh-interieru-detskej-izby_03.png 2019w\" sizes=\"(max-width: 960px) 100vw, 960px\" \/>\t\t\t\t\t\t\t\t\t\t\t\t\t\t\t<\/div>\n\t\t\t\t<\/div>\n\t\t\t\t<\/div>\n\t\t\t\t<div class=\"elementor-element elementor-element-a125d49 elementor-widget elementor-widget-heading\" data-id=\"a125d49\" data-element_type=\"widget\" data-widget_type=\"heading.default\">\n\t\t\t\t<div class=\"elementor-widget-container\">\n\t\t\t\t\t<h2 class=\"elementor-heading-title elementor-size-default\">Shopping list<\/h2>\t\t\t\t<\/div>\n\t\t\t\t<\/div>\n\t\t\t\t<div class=\"elementor-element elementor-element-96cb25e elementor-widget elementor-widget-image\" data-id=\"96cb25e\" data-element_type=\"widget\" data-widget_type=\"image.default\">\n\t\t\t\t<div class=\"elementor-widget-container\">\n\t\t\t\t\t\t\t\t\t\t\t\t\t\t\t<img loading=\"lazy\" decoding=\"async\" width=\"768\" height=\"463\" src=\"https:\/\/www.extradesignblog.eu\/wp-content\/uploads\/2024\/02\/DETSKA-IZBA-e1709047105737-768x463.png\" class=\"attachment-medium_large size-medium_large wp-image-1254\" alt=\"\" srcset=\"https:\/\/www.extradesignblog.eu\/wp-content\/uploads\/2024\/02\/DETSKA-IZBA-e1709047105737-768x463.png 768w, https:\/\/www.extradesignblog.eu\/wp-content\/uploads\/2024\/02\/DETSKA-IZBA-e1709047105737-300x181.png 300w, https:\/\/www.extradesignblog.eu\/wp-content\/uploads\/2024\/02\/DETSKA-IZBA-e1709047105737.png 962w\" sizes=\"(max-width: 768px) 100vw, 768px\" \/>\t\t\t\t\t\t\t\t\t\t\t\t\t\t\t<\/div>\n\t\t\t\t<\/div>\n\t\t\t\t<div class=\"elementor-element elementor-element-9cd23bf elementor-widget elementor-widget-heading\" data-id=\"9cd23bf\" data-element_type=\"widget\" data-widget_type=\"heading.default\">\n\t\t\t\t<div class=\"elementor-widget-container\">\n\t\t\t\t\t<h3 class=\"elementor-heading-title elementor-size-default\">Let\u2019s Work Together<\/h3>\t\t\t\t<\/div>\n\t\t\t\t<\/div>\n\t\t\t\t<div class=\"elementor-element elementor-element-1a9f627 elementor-widget elementor-widget-text-editor\" data-id=\"1a9f627\" data-element_type=\"widget\" data-widget_type=\"text-editor.default\">\n\t\t\t\t<div class=\"elementor-widget-container\">\n\t\t\t\t\t\t\t\t\t<div class=\"x9f619 xjbqb8w x78zum5 x168nmei x13lgxp2 x5pf9jr xo71vjh xw3qccf x1n2onr6 x1plvlek xryxfnj x1c4vz4f x2lah0s xdt5ytf xqjyukv x1qjc9v5 x1oa3qoh x1nhvcw1\">\n<p><strong>Looking for a unique interior designed just for you?<\/strong>\u00a0Send us your floor plan or a brief description of your project via email or the contact form\u00a0<a href=\"https:\/\/www.extradesignblog.eu\/en\/contact\/\" target=\"_blank\" rel=\"noopener\">HERE<\/a>.<\/p>\n<\/div>\n<p><!-- \/wp:paragraph --><\/p>\t\t\t\t\t\t\t\t<\/div>\n\t\t\t\t<\/div>\n\t\t\t\t\t<\/div>\n\t\t\t\t<\/div>\n\t\t\t\t<\/div>","protected":false},"excerpt":{"rendered":"<p>Koncom minul\u00e9ho roka sme na na\u0161om Instagramovom profile vyhl\u00e1sili prv\u00fa s\u00fa\u0165a\u017e o n\u00e1vrh interi\u00e9ru. Hlavn\u00e1 idea pri n\u00e1vrhu tejto detskej izby bola spravi\u0165 dispoz\u00edciu a\u00a0dizajn dostato\u010dne flexibiln\u00fd na to, aby mohli r\u00e1s\u0165 spolu s\u00a0die\u0165a\u0165om.<\/p>","protected":false},"author":1,"featured_media":866,"comment_status":"closed","ping_status":"closed","sticky":false,"template":"","format":"standard","meta":{"om_disable_all_campaigns":false,"_monsterinsights_skip_tracking":false,"_monsterinsights_sitenote_active":false,"_monsterinsights_sitenote_note":"","_monsterinsights_sitenote_category":0,"_uf_show_specific_survey":0,"_uf_disable_surveys":false,"footnotes":""},"categories":[8],"tags":[41,39,25,40],"class_list":["post-865","post","type-post","status-publish","format-standard","has-post-thumbnail","hentry","category-navrhinterieru","tag-detska-izba","tag-moodboard","tag-navrh-interieru","tag-shopping-list"],"aioseo_notices":[],"_links":{"self":[{"href":"https:\/\/www.extradesignblog.eu\/en\/wp-json\/wp\/v2\/posts\/865","targetHints":{"allow":["GET"]}}],"collection":[{"href":"https:\/\/www.extradesignblog.eu\/en\/wp-json\/wp\/v2\/posts"}],"about":[{"href":"https:\/\/www.extradesignblog.eu\/en\/wp-json\/wp\/v2\/types\/post"}],"author":[{"embeddable":true,"href":"https:\/\/www.extradesignblog.eu\/en\/wp-json\/wp\/v2\/users\/1"}],"replies":[{"embeddable":true,"href":"https:\/\/www.extradesignblog.eu\/en\/wp-json\/wp\/v2\/comments?post=865"}],"version-history":[{"count":6,"href":"https:\/\/www.extradesignblog.eu\/en\/wp-json\/wp\/v2\/posts\/865\/revisions"}],"predecessor-version":[{"id":2111,"href":"https:\/\/www.extradesignblog.eu\/en\/wp-json\/wp\/v2\/posts\/865\/revisions\/2111"}],"wp:featuredmedia":[{"embeddable":true,"href":"https:\/\/www.extradesignblog.eu\/en\/wp-json\/wp\/v2\/media\/866"}],"wp:attachment":[{"href":"https:\/\/www.extradesignblog.eu\/en\/wp-json\/wp\/v2\/media?parent=865"}],"wp:term":[{"taxonomy":"category","embeddable":true,"href":"https:\/\/www.extradesignblog.eu\/en\/wp-json\/wp\/v2\/categories?post=865"},{"taxonomy":"post_tag","embeddable":true,"href":"https:\/\/www.extradesignblog.eu\/en\/wp-json\/wp\/v2\/tags?post=865"}],"curies":[{"name":"wp","href":"https:\/\/api.w.org\/{rel}","templated":true}]}}