{"id":789,"date":"2024-02-01T20:14:45","date_gmt":"2024-02-01T19:14:45","guid":{"rendered":"https:\/\/www.extradesignblog.eu\/?p=789"},"modified":"2024-03-01T10:04:34","modified_gmt":"2024-03-01T09:04:34","slug":"blog-interierove-trendy-pre-rok-2024","status":"publish","type":"post","link":"https:\/\/www.extradesignblog.eu\/en\/2024\/02\/01\/blog-interierove-trendy-pre-rok-2024\/","title":{"rendered":"Blog \u2013 Interior Design Trends for 2024"},"content":{"rendered":"<div data-elementor-type=\"wp-post\" data-elementor-id=\"789\" class=\"elementor elementor-789\">\n\t\t\t\t<div class=\"elementor-element elementor-element-1e349f0 e-flex e-con-boxed wpr-particle-no wpr-jarallax-no wpr-parallax-no wpr-sticky-section-no e-con e-parent\" data-id=\"1e349f0\" data-element_type=\"container\">\n\t\t\t\t\t<div class=\"e-con-inner\">\n\t\t\t\t<div class=\"elementor-element elementor-element-fbf5759 elementor-widget elementor-widget-text-editor\" data-id=\"fbf5759\" data-element_type=\"widget\" data-widget_type=\"text-editor.default\">\n\t\t\t\t<div class=\"elementor-widget-container\">\n\t\t\t\t\t\t\t\t\t<h4>N\u00e1\u0161 blog p\u00ed\u0161e nov\u00fa kapitolu!<\/h4>\t\t\t\t\t\t\t\t<\/div>\n\t\t\t\t<\/div>\n\t\t\t\t<div class=\"elementor-element elementor-element-21bcb48 elementor-widget elementor-widget-text-editor\" data-id=\"21bcb48\" data-element_type=\"widget\" data-widget_type=\"text-editor.default\">\n\t\t\t\t<div class=\"elementor-widget-container\">\n\t\t\t\t\t\t\t\t\t<p><\/p>\n<p><strong>Je to tu!\u00a0<\/strong> Ak n\u00e1s sledujete, na na\u0161ich str\u00e1nkach prin\u00e1\u0161ame dizajnov\u00e9 tipy, u\u017e nejak\u00fa dobu. Na\u0161a predstava v\u0161ak je, tieto tipy zatrakt\u00edvni\u0165 a\u00a0prin\u00e1\u0161a\u0165 relevantnej\u0161\u00ed obsah, ktor\u00fd dok\u00e1\u017ee reagova\u0165 na va\u0161e podnety.<\/p>\n<p>Ke\u010f\u017ee tento blog zaznamenal svoj prerod za\u010diatkom roka 2024, nie je pr\u00edzna\u010dnej\u0161ia t\u00e9ma na prv\u00fd pr\u00edspevok, ako <strong>predpovede na dizajnov\u00e9 trendy v interi\u00e9ri.<\/strong> A\u00a0dali sme si z\u00e1le\u017ea\u0165, prel\u00faskali sme nieko\u013eko svetov\u00fdch \u010dasopisov, blogov a\u00a0podnetov od svetov\u00fdch dizajn\u00e9rov, aby sme spojili to, \u010do najviac rezonuje a\u00a0pripravili tento pr\u00edspevok.<\/p>\n<p>Fotografia na titulke: n\u00e1bytok od <a href=\"https:\/\/molteni.it\/en\/\">Molteni-C<\/a><\/p>\n<p><\/p>\t\t\t\t\t\t\t\t<\/div>\n\t\t\t\t<\/div>\n\t\t\t\t<div class=\"elementor-element elementor-element-bf3f0d9 elementor-widget elementor-widget-text-editor\" data-id=\"bf3f0d9\" data-element_type=\"widget\" data-widget_type=\"text-editor.default\">\n\t\t\t\t<div class=\"elementor-widget-container\">\n\t\t\t\t\t\t\t\t\t<h3>Interi\u00e9rov\u00e9 trendy pre rok 2024<\/h3><h4><strong>\u00a0<\/strong><\/h4>\t\t\t\t\t\t\t\t<\/div>\n\t\t\t\t<\/div>\n\t\t\t\t<div class=\"elementor-element elementor-element-949f809 elementor-widget elementor-widget-text-editor\" data-id=\"949f809\" data-element_type=\"widget\" data-widget_type=\"text-editor.default\">\n\t\t\t\t<div class=\"elementor-widget-container\">\n\t\t\t\t\t\t\t\t\t<h4>Quiet Luxury<\/h4><h4><strong>\u00a0<\/strong><\/h4>\t\t\t\t\t\t\t\t<\/div>\n\t\t\t\t<\/div>\n\t\t\t\t<div class=\"elementor-element elementor-element-b54cd6f elementor-widget elementor-widget-text-editor\" data-id=\"b54cd6f\" data-element_type=\"widget\" data-widget_type=\"text-editor.default\">\n\t\t\t\t<div class=\"elementor-widget-container\">\n\t\t\t\t\t\t\t\t\t<p><\/p><p><em>\u201eRovnak\u00fdm sp\u00f4sobom, ako si budujeme quiet luxury \u0161atn\u00edk, aj v\u00a0dizajne bude pokra\u010dova\u0165 trend kladenia d\u00f4razu na klasick\u00e9 investi\u010dn\u00e9 k\u00fasky, okolo ktor\u00fdch postupne vystav\u00e1te cel\u00fa izbu. K\u00fasky, ktor\u00e9 s\u00fa nad\u010dasov\u00e9, v\u00a0klasick\u00fdch tvaroch a\u00a0siluet\u00e1ch a\u00a0vedia \u017ei\u0165 ve\u013ea \u017eivotov alebo sa \u010dasom m\u00f4\u017eu prisp\u00f4sobi\u0165, napr\u00edklad pre\u010dal\u00fanen\u00edm.\u201c <a href=\"https:\/\/www.vogue.com\/article\/interior-design-trends-2024\">Jake Arnold pre Vogue<\/a><\/em><\/p><p><strong>Trend, ktor\u00fd sa najprv objavil v\u00a0oble\u010den\u00ed, vo ve\u013ekom prech\u00e1dza do sveta interi\u00e9ru.<\/strong> Charakterizuje ho kvalita l\u00e1tok, skuto\u010dn\u00e9 materi\u00e1ly a nad\u010dasov\u00e9 tvary n\u00e1bytku. V\u00a0luxusnom interi\u00e9ri predstavuje odklon od pr\u00edli\u0161nej ok\u00e1zalosti, glamouru a\u00a0neupozor\u0148uje na log\u00e1. Farebn\u00e1 paleta\u00a0 je sk\u00f4r neutr\u00e1lna, odtiene b\u00e9\u017eovej, hnedej, sivej. Pr\u00edpadn\u00e9 farby s\u00fa tlmen\u00e9 ako napr\u00edklad bordov\u00e1 alebo tmav\u00e1 zelen\u00e1. Vzory s\u00fa striedme, respekt\u00edve \u017eiadne. D\u00f4raz sa kladie na re\u00e1lny charakter pou\u017eit\u00e9ho materi\u00e1lu. Povolen\u00e9 s\u00fa vintage a zberate\u013esk\u00e9 k\u00fasky, rodinn\u00e9 zbierky, pr\u00edpadne retro kreslo po babi\u010dke pre\u010dal\u00fanen\u00e9 do luxusnej l\u00e1tky.<\/p><p><\/p>\t\t\t\t\t\t\t\t<\/div>\n\t\t\t\t<\/div>\n\t\t\t\t<div class=\"elementor-element elementor-element-17e5bf4 elementor-widget elementor-widget-image\" data-id=\"17e5bf4\" data-element_type=\"widget\" data-widget_type=\"image.default\">\n\t\t\t\t<div class=\"elementor-widget-container\">\n\t\t\t\t\t\t\t\t\t\t\t\t<figure class=\"wp-caption\">\n\t\t\t\t\t\t\t\t\t\t<img fetchpriority=\"high\" decoding=\"async\" width=\"768\" height=\"576\" src=\"https:\/\/www.extradesignblog.eu\/wp-content\/uploads\/2024\/02\/1-768x576.jpg\" class=\"attachment-medium_large size-medium_large wp-image-1139\" alt=\"01_interierove trendy na rok 2024_blog quiet luxury\" srcset=\"https:\/\/www.extradesignblog.eu\/wp-content\/uploads\/2024\/02\/1-768x576.jpg 768w, https:\/\/www.extradesignblog.eu\/wp-content\/uploads\/2024\/02\/1-300x225.jpg 300w, https:\/\/www.extradesignblog.eu\/wp-content\/uploads\/2024\/02\/1.jpg 1024w\" sizes=\"(max-width: 768px) 100vw, 768px\" \/>\t\t\t\t\t\t\t\t\t\t\t<figcaption class=\"widget-image-caption wp-caption-text\"><\/figcaption>\n\t\t\t\t\t\t\t\t\t\t<\/figure>\n\t\t\t\t\t\t\t\t\t<\/div>\n\t\t\t\t<\/div>\n\t\t\t\t<div class=\"elementor-element elementor-element-341da88 elementor-widget elementor-widget-text-editor\" data-id=\"341da88\" data-element_type=\"widget\" data-widget_type=\"text-editor.default\">\n\t\t\t\t<div class=\"elementor-widget-container\">\n\t\t\t\t\t\t\t\t\t<p><\/p>\n<p style=\"text-align: right;\">1 &amp; 2 fotografie <a href=\"https:\/\/www.porada.it\/en-us\">Porada<\/a><\/p>\n<p><\/p>\t\t\t\t\t\t\t\t<\/div>\n\t\t\t\t<\/div>\n\t\t\t\t<div class=\"elementor-element elementor-element-1358b6c elementor-widget elementor-widget-text-editor\" data-id=\"1358b6c\" data-element_type=\"widget\" data-widget_type=\"text-editor.default\">\n\t\t\t\t<div class=\"elementor-widget-container\">\n\t\t\t\t\t\t\t\t\t<h4>Origin\u00e1lne k\u00fasky<\/h4><h4><strong>\u00a0<\/strong><\/h4>\t\t\t\t\t\t\t\t<\/div>\n\t\t\t\t<\/div>\n\t\t\t\t<div class=\"elementor-element elementor-element-4c94ff3 elementor-widget elementor-widget-text-editor\" data-id=\"4c94ff3\" data-element_type=\"widget\" data-widget_type=\"text-editor.default\">\n\t\t\t\t<div class=\"elementor-widget-container\">\n\t\t\t\t\t\t\t\t\t<p><\/p><p><em>\u201eBehom posledn\u00fdch rokov sa hlavn\u00e1 t\u00e9ma v dizajne rozv\u00edjala okolo zemit\u00fdch t\u00f3nov a\u00a0jednoduchosti prostredn\u00edctvom pou\u017e\u00edvania pr\u00edrodn\u00fdch materi\u00e1lov. K\u00fdm v\u00a0s\u00fa\u010dasnosti, predv\u00eddame zmenu smeru a\u00a0pr\u00edklon k\u00a0viac dekorat\u00edvnemu pr\u00edstupu, v\u00a0kontraste s\u00a0predch\u00e1dzaj\u00facim \u0161t\u00fdlom. Mysl\u00edme si, \u017ee t\u00e1to zmena je poh\u00e1\u0148an\u00e1 prevl\u00e1daj\u00facou t\u00fa\u017ebou po individualite a\u00a0sile seba-vyjadrenia v\u00a0s\u00fa\u010dasnej kult\u00fare.\u201c <a href=\"https:\/\/www.dezeen.com\/2024\/01\/05\/2024-interior-design-trends\/\">Iram Sultan pre Dezeen<\/a><\/em><\/p><p>\u010ci sa jedn\u00e1 o\u00a0vintage, staro\u017eitnos\u0165, dizajn od lok\u00e1lnej firmy alebo objekt od umelca, hlavne pre\u010d od generick\u00fdch Pinterest objektov a\u00a0trendy Instagramov\u00fdch v\u00e1z. <strong>Rok 2024 vytv\u00e1ra priestor na vyjadrenie osobnosti v\u00a0interi\u00e9ri.<\/strong> Bez oh\u013eadu na to, \u010di je v\u00e1\u0161 \u0161t\u00fdl modern\u00fd, pr\u00edrodn\u00fd alebo extravagantn\u00fd, h\u013ead\u00e1me jeho vyjadrenie v\u00a0n\u00e1bytku, \u010dal\u00fanen\u00ed, tapet\u00e1ch a\u00a0dekora\u010dn\u00fdch objektoch ako keramika, ale aj vo funk\u010dn\u00fdch objektoch ako s\u00fa napr\u00edklad svietidl\u00e1. Nebojte sa vlastnej individuality a odv\u00e1\u017enej\u0161\u00edch rie\u0161en\u00ed.<\/p><p><\/p>\t\t\t\t\t\t\t\t<\/div>\n\t\t\t\t<\/div>\n\t\t\t\t<div class=\"elementor-element elementor-element-af70861 elementor-widget elementor-widget-image\" data-id=\"af70861\" data-element_type=\"widget\" data-widget_type=\"image.default\">\n\t\t\t\t<div class=\"elementor-widget-container\">\n\t\t\t\t\t\t\t\t\t\t\t\t\t\t\t<img decoding=\"async\" width=\"768\" height=\"576\" src=\"https:\/\/www.extradesignblog.eu\/wp-content\/uploads\/2024\/02\/2-768x576.jpg\" class=\"attachment-medium_large size-medium_large wp-image-1142\" alt=\"2_originalne dizajnove kusky\" srcset=\"https:\/\/www.extradesignblog.eu\/wp-content\/uploads\/2024\/02\/2-768x576.jpg 768w, https:\/\/www.extradesignblog.eu\/wp-content\/uploads\/2024\/02\/2-300x225.jpg 300w, https:\/\/www.extradesignblog.eu\/wp-content\/uploads\/2024\/02\/2.jpg 1024w\" sizes=\"(max-width: 768px) 100vw, 768px\" \/>\t\t\t\t\t\t\t\t\t\t\t\t\t\t\t<\/div>\n\t\t\t\t<\/div>\n\t\t\t\t<div class=\"elementor-element elementor-element-1c56dca elementor-widget elementor-widget-text-editor\" data-id=\"1c56dca\" data-element_type=\"widget\" data-widget_type=\"text-editor.default\">\n\t\t\t\t<div class=\"elementor-widget-container\">\n\t\t\t\t\t\t\t\t\t<p><\/p>\n<p style=\"text-align: right;\">1- dom v Poznani od dizajn\u00e9ra P.Kuchci\u0144skieho, publikovan\u00fd na <a href=\"https:\/\/www.yellowtrace.com.au\/piotr-kuchcinski-architects-home-poznan-poland\/\" target=\"_blank\" rel=\"noopener\">Yellowtrace<\/a>\u00a0 2- dom v Helsink\u00e1ch od dizajn\u00e9rky J.Bruun, publikovan\u00fd na <a href=\"https:\/\/www.finnishdesignshop.com\/design-stories\/homes\/objects-of-love-johanna-bruun-helsinki-home\" target=\"_blank\" rel=\"noopener\">Finnish Design Shop<\/a><br \/><br \/><\/p>\n<p><\/p>\t\t\t\t\t\t\t\t<\/div>\n\t\t\t\t<\/div>\n\t\t\t\t<div class=\"elementor-element elementor-element-67753e6 elementor-widget elementor-widget-text-editor\" data-id=\"67753e6\" data-element_type=\"widget\" data-widget_type=\"text-editor.default\">\n\t\t\t\t<div class=\"elementor-widget-container\">\n\t\t\t\t\t\t\t\t\t<h4>Tmav\u00e9 drevo a\u00a0dreven\u00e9 obklady<\/h4><h4><strong>\u00a0<\/strong><\/h4>\t\t\t\t\t\t\t\t<\/div>\n\t\t\t\t<\/div>\n\t\t\t\t<div class=\"elementor-element elementor-element-e56c9b2 elementor-widget elementor-widget-text-editor\" data-id=\"e56c9b2\" data-element_type=\"widget\" data-widget_type=\"text-editor.default\">\n\t\t\t\t<div class=\"elementor-widget-container\">\n\t\t\t\t\t\t\t\t\t<p><\/p>\n<p><em>\u201eMateri\u00e1ly ako shou sugi ban alebo dymov\u00fd dub bud\u00fa popul\u00e1rne v n\u00e1bytku a v mnohom \u010fal\u0161om.\u201c<\/em> <a href=\"https:\/\/www.forbes.com\/sites\/amandalauren\/2024\/01\/04\/these-are-the-top-interior-design-trends-for-2024\/?sh=81e0fb0935f9\" target=\"_blank\" rel=\"noopener\"><em>Lauren Moore pre Forbes<\/em><\/a><\/p>\n<p>Teplos\u0165, pohodlie a\u00a0t\u00fa\u017eba po \u00fatulnosti s\u00fa ve\u013ek\u00fdmi faktormi, pre\u010do sa tmav\u00e9 farby vracaj\u00fa do interi\u00e9rov. <strong>Tmav\u00e9 drevo \u2013 od stredne tmav\u00fdch dymov\u00fdch odtie\u0148ov po ve\u013emi tmav\u00e9 \u2013 prin\u00e1\u0161a do interi\u00e9ru ur\u010dit\u00fa honosnos\u0165 a\u00a0je odpove\u010fou na minimalistickej\u0161ie bled\u00e9 interi\u00e9ry.<\/strong> To samozrejme neznamen\u00e1, \u017ee interi\u00e9r mus\u00ed pripom\u00edna\u0165 horsk\u00fa chatu. S\u00a0tmav\u00fdm drevom vieme pracova\u0165 v\u00a0solit\u00e9rnych k\u00faskoch, \u010di pou\u017ei\u0165 kontrastn\u00fd obklad do inak bled\u00e9ho interi\u00e9ru. Comeback hl\u00e1sia aj dreven\u00e9 kuchyne.<\/p>\t\t\t\t\t\t\t\t<\/div>\n\t\t\t\t<\/div>\n\t\t\t\t<div class=\"elementor-element elementor-element-723c313 elementor-widget elementor-widget-image\" data-id=\"723c313\" data-element_type=\"widget\" data-widget_type=\"image.default\">\n\t\t\t\t<div class=\"elementor-widget-container\">\n\t\t\t\t\t\t\t\t\t\t\t\t\t\t\t<img decoding=\"async\" width=\"768\" height=\"576\" src=\"https:\/\/www.extradesignblog.eu\/wp-content\/uploads\/2024\/02\/3-768x576.jpg\" class=\"attachment-medium_large size-medium_large wp-image-1143\" alt=\"Tmave drevo a drevene obklady, drevena kuchyna a nabytok\" srcset=\"https:\/\/www.extradesignblog.eu\/wp-content\/uploads\/2024\/02\/3-768x576.jpg 768w, https:\/\/www.extradesignblog.eu\/wp-content\/uploads\/2024\/02\/3-300x225.jpg 300w, https:\/\/www.extradesignblog.eu\/wp-content\/uploads\/2024\/02\/3.jpg 1024w\" sizes=\"(max-width: 768px) 100vw, 768px\" \/>\t\t\t\t\t\t\t\t\t\t\t\t\t\t\t<\/div>\n\t\t\t\t<\/div>\n\t\t\t\t<div class=\"elementor-element elementor-element-e560f35 elementor-widget elementor-widget-text-editor\" data-id=\"e560f35\" data-element_type=\"widget\" data-widget_type=\"text-editor.default\">\n\t\t\t\t<div class=\"elementor-widget-container\">\n\t\t\t\t\t\t\t\t\t<p><\/p>\n<p style=\"text-align: right;\">1- kuchynsk\u00e1 linka od <a href=\"https:\/\/www.nordiskakok.com\/english-nordiska-kok\" target=\"_blank\" rel=\"noopener\">Nordiskakok<\/a>\u00a0 2- solit\u00e9rny n\u00e1bytok <a href=\"https:\/\/www.porada.it\/en-us\" target=\"_blank\" rel=\"noopener\">Porada<\/a><\/p>\n<p><\/p>\t\t\t\t\t\t\t\t<\/div>\n\t\t\t\t<\/div>\n\t\t\t\t<div class=\"elementor-element elementor-element-c679227 elementor-widget elementor-widget-text-editor\" data-id=\"c679227\" data-element_type=\"widget\" data-widget_type=\"text-editor.default\">\n\t\t\t\t<div class=\"elementor-widget-container\">\n\t\t\t\t\t\t\t\t\t<h4>Tmav\u00e1 hned\u00e1<\/h4><h4><strong>\u00a0<\/strong><\/h4>\t\t\t\t\t\t\t\t<\/div>\n\t\t\t\t<\/div>\n\t\t\t\t<div class=\"elementor-element elementor-element-cd814c5 elementor-widget elementor-widget-text-editor\" data-id=\"cd814c5\" data-element_type=\"widget\" data-widget_type=\"text-editor.default\">\n\t\t\t\t<div class=\"elementor-widget-container\">\n\t\t\t\t\t\t\t\t\t<p><em>\u201cHned\u00e1 je skvel\u00e1 farba\u2014je ve\u013emi tepl\u00e1 a honosn\u00e1, a\u00a0je skvelo neutr\u00e1lna, \u013eahko sa kombinuje s\u00a0in\u00fdmi farbami,\u201d <a href=\"https:\/\/www.elledecor.com\/design-decorate\/trends\/a45997631\/interior-design-trends-2024\/\" target=\"_blank\" rel=\"noopener\">Alyssa Kapito pre Elle Decor<\/a><\/em><\/p>\n<p><strong>Tmav\u00e1 hned\u00e1 zost\u00e1va aj pre rok 2024, dokonca Elle Decor ju naz\u00fdva Statement color of the Year.<\/strong> Dramatickos\u0165 je \u017eiad\u00faca, tmav\u00e9 drevo s\u00a0tmavou hnedou s\u00fa ten spr\u00e1vny dramatick\u00fd z\u00e1klad.<\/p>\n<p>S\u00a0hnedou sme u\u017e pracovali v\u00a0na\u0161ich dizajnov\u00fdch tipoch <a href=\"https:\/\/www.extradesignblog.eu\/en\/2023\/11\/01\/zamilujte-si-hnedu\/\" target=\"_blank\" rel=\"noopener\">via the Upwork platform.<\/a> aj <a href=\"https:\/\/www.extradesignblog.eu\/en\/2023\/06\/10\/dizajnovy-tip-ako-rychlo-zutulnit-interier-trendovou-farbou\/\" target=\"_blank\" rel=\"noopener\">via the Upwork platform.<\/a>.<\/p>\t\t\t\t\t\t\t\t<\/div>\n\t\t\t\t<\/div>\n\t\t\t\t<div class=\"elementor-element elementor-element-2100e78 elementor-widget elementor-widget-image\" data-id=\"2100e78\" data-element_type=\"widget\" data-widget_type=\"image.default\">\n\t\t\t\t<div class=\"elementor-widget-container\">\n\t\t\t\t\t\t\t\t\t\t\t\t\t\t\t<img loading=\"lazy\" decoding=\"async\" width=\"768\" height=\"576\" src=\"https:\/\/www.extradesignblog.eu\/wp-content\/uploads\/2024\/02\/4-768x576.jpg\" class=\"attachment-medium_large size-medium_large wp-image-1144\" alt=\"Tmav\u00e1 hned\u00e1\" srcset=\"https:\/\/www.extradesignblog.eu\/wp-content\/uploads\/2024\/02\/4-768x576.jpg 768w, https:\/\/www.extradesignblog.eu\/wp-content\/uploads\/2024\/02\/4-300x225.jpg 300w, https:\/\/www.extradesignblog.eu\/wp-content\/uploads\/2024\/02\/4.jpg 1024w\" sizes=\"(max-width: 768px) 100vw, 768px\" \/>\t\t\t\t\t\t\t\t\t\t\t\t\t\t\t<\/div>\n\t\t\t\t<\/div>\n\t\t\t\t<div class=\"elementor-element elementor-element-6d696bb elementor-widget elementor-widget-text-editor\" data-id=\"6d696bb\" data-element_type=\"widget\" data-widget_type=\"text-editor.default\">\n\t\t\t\t<div class=\"elementor-widget-container\">\n\t\t\t\t\t\t\t\t\t<p><\/p>\n<p style=\"text-align: right;\">1- seda\u010dka <a href=\"https:\/\/www.tacchini.it\/en\/\" target=\"_blank\" rel=\"noopener\">Tacchini<\/a> \/ 2- n\u00e1bytok <a href=\"https:\/\/molteni.it\/en\/\" target=\"_blank\" rel=\"noopener\">Molteni&amp;C<\/a><\/p>\n<p><\/p>\t\t\t\t\t\t\t\t<\/div>\n\t\t\t\t<\/div>\n\t\t\t\t<div class=\"elementor-element elementor-element-f4f9a23 elementor-widget elementor-widget-text-editor\" data-id=\"f4f9a23\" data-element_type=\"widget\" data-widget_type=\"text-editor.default\">\n\t\t\t\t<div class=\"elementor-widget-container\">\n\t\t\t\t\t\t\t\t\t<h4>D\u00f4raz na podlahu<\/h4><h4><strong>\u00a0<\/strong><\/h4>\t\t\t\t\t\t\t\t<\/div>\n\t\t\t\t<\/div>\n\t\t\t\t<div class=\"elementor-element elementor-element-330ede5 elementor-widget elementor-widget-text-editor\" data-id=\"330ede5\" data-element_type=\"widget\" data-widget_type=\"text-editor.default\">\n\t\t\t\t<div class=\"elementor-widget-container\">\n\t\t\t\t\t\t\t\t\t<p><em>\u201eVid\u00edme rast\u00faci trend, \u017ee klienti maj\u00fa viac v\u00a0ob\u013eube podlahu kladen\u00fa do vzorov, ru\u010dne tvoren\u00fa na mieru z\u00a0pl\u00e1tov kame\u0148a \u010di\u00a0mramoru, ktor\u00e9 spolu vytv\u00e1raj\u00fa zmes farieb a\u00a0text\u00far\u201c <a href=\"https:\/\/www.vogue.com.au\/vogue-living\/design\/home-design-trends-2024\/image-gallery\/e1df68212f5780cbdb284e9d1a7a0a89\" target=\"_blank\" rel=\"noopener\">Donohoe-Church pre Australian Vogue<\/a><\/em><\/p>\n<p>K\u00fdm v\u00a0minul\u00fdch rokoch platilo, \u017ee podlaha zost\u00e1va sk\u00f4r neutr\u00e1lna, teraz plat\u00ed, \u017ee treba za\u010da\u0165 od podlahy a\u00a0to doslova. <strong>V\u00a0spojen\u00ed s\u00a0d\u00f4razom na prirodzen\u00e9 materi\u00e1ly, udr\u017eatelnos\u0165 a\u00a0quiet luxury kvalitu, na podlah\u00e1ch ne\u0161etr\u00edme.<\/strong> Okrem kamenn\u00fdch a\u00a0keramick\u00fdch podl\u00e1h, v\u00a0hre zost\u00e1va aj kvalitn\u00e1 dreven\u00e1 podlaha, ktor\u00fa vieme zdramatizova\u0165 kladen\u00edm do vzorov. V\u00a0ob\u013eube zost\u00e1va vzor chevron.<\/p>\n<p>A nesmieme zab\u00fada\u0165 na koberce. V\u00a0pr\u00edpade t\u00fdch kusov\u00fdch sa objavuj\u00fa v\u00fdraznej\u0161ie vzory, grafick\u00e9, \u010di flor\u00e1lne mot\u00edvy. Koberec sa st\u00e1va mo\u017enos\u0165ou ako vnies\u0165 do interi\u00e9ru osobitos\u0165.<\/p>\t\t\t\t\t\t\t\t<\/div>\n\t\t\t\t<\/div>\n\t\t\t\t<div class=\"elementor-element elementor-element-50936b2 elementor-widget elementor-widget-image\" data-id=\"50936b2\" data-element_type=\"widget\" data-widget_type=\"image.default\">\n\t\t\t\t<div class=\"elementor-widget-container\">\n\t\t\t\t\t\t\t\t\t\t\t\t\t\t\t<img loading=\"lazy\" decoding=\"async\" width=\"768\" height=\"576\" src=\"https:\/\/www.extradesignblog.eu\/wp-content\/uploads\/2024\/02\/5-768x576.jpg\" class=\"attachment-medium_large size-medium_large wp-image-1140\" alt=\"Doraz na podlahu, vzorovane podlahy a koberce\" srcset=\"https:\/\/www.extradesignblog.eu\/wp-content\/uploads\/2024\/02\/5-768x576.jpg 768w, https:\/\/www.extradesignblog.eu\/wp-content\/uploads\/2024\/02\/5-300x225.jpg 300w, https:\/\/www.extradesignblog.eu\/wp-content\/uploads\/2024\/02\/5.jpg 1024w\" sizes=\"(max-width: 768px) 100vw, 768px\" \/>\t\t\t\t\t\t\t\t\t\t\t\t\t\t\t<\/div>\n\t\t\t\t<\/div>\n\t\t\t\t<div class=\"elementor-element elementor-element-b62b09c elementor-widget elementor-widget-text-editor\" data-id=\"b62b09c\" data-element_type=\"widget\" data-widget_type=\"text-editor.default\">\n\t\t\t\t<div class=\"elementor-widget-container\">\n\t\t\t\t\t\t\t\t\t<p><\/p>\n<p style=\"text-align: right;\">1- Byt v Helsink\u00e1ch, publikovan\u00fd na <a href=\"https:\/\/www.finnishdesignshop.com\/design-stories\/homes\/asun-thomas-and-michelle-home-in-helsinki\" target=\"_blank\" rel=\"noopener\">Finnish Design Shop<\/a> \/ 2- koberec od <a href=\"https:\/\/www2.hm.com\/sk_sk\/productpage.1209778001.html\" target=\"_blank\" rel=\"noopener\">H&amp;M Home<\/a><\/p>\n<p><\/p>\t\t\t\t\t\t\t\t<\/div>\n\t\t\t\t<\/div>\n\t\t\t\t<div class=\"elementor-element elementor-element-42596e0 elementor-widget elementor-widget-text-editor\" data-id=\"42596e0\" data-element_type=\"widget\" data-widget_type=\"text-editor.default\">\n\t\t\t\t<div class=\"elementor-widget-container\">\n\t\t\t\t\t\t\t\t\t<h4>Kov<\/h4><h4><strong>\u00a0<\/strong><\/h4>\t\t\t\t\t\t\t\t<\/div>\n\t\t\t\t<\/div>\n\t\t\t\t<div class=\"elementor-element elementor-element-2f12690 elementor-widget elementor-widget-text-editor\" data-id=\"2f12690\" data-element_type=\"widget\" data-widget_type=\"text-editor.default\">\n\t\t\t\t<div class=\"elementor-widget-container\">\n\t\t\t\t\t\t\t\t\t<p><em>\u201cNeodp\u00ed\u0161te hne\u010f kovov\u00e9 povrchy, len preto \u017ee si mysl\u00edte, \u017ee s\u00fa chladn\u00e9 a industri\u00e1lne. Mnoh\u00e9 realiz\u00e1cie n\u00e1m ukazuj\u00fa, \u017ee kov len reflektuje to, \u010do u\u017e je v interi\u00e9ri pou\u017eit\u00e9.\u201c <a href=\"https:\/\/www.architecturaldigest.com\/story\/interior-design-trends-2024\" target=\"_blank\" rel=\"noopener\">David Michon pre Architectural Digest<\/a><\/em><\/p>\n<p>Kovov\u00e9 detaily a\u00a0povrchy nie s\u00fa v\u00a0interi\u00e9ri \u017eiadnou novinkou, ale nie s\u00fa ani na \u00fastupe. Naopak, vracaj\u00fa sa nerezov\u00e9 povrchy, na cel\u00fdch ploch\u00e1ch aj v\u00a0detailoch. Dobrou spr\u00e1vou pre v\u0161etk\u00fdch, ktor\u00fdm je nerez pr\u00edli\u0161 chladn\u00fd, je sofistikovanos\u0165 dne\u0161n\u00fdch materi\u00e1lov \u2013 v\u00a0ponuke v\u00fdrobcov s\u00fa tepl\u00e9 kovov\u00e9 odtiene, od bled\u0161\u00edch platinov\u00fdch po tmav\u0161ie bronzov\u00e9, nikel a tmav\u00fd nikel. N\u00e1vrat hl\u00e1si aj chr\u00f3m, predov\u0161etk\u00fdm v\u00a0dekorat\u00edvnych prvkoch. <strong>Kovy do interi\u00e9ru prid\u00e1vaj\u00fa vizu\u00e1lnu r\u00f4znorodos\u0165 a\u00a0text\u00faru a\u00a0robia tak priestor vnemovo bohat\u0161\u00ed.<\/strong><\/p>\t\t\t\t\t\t\t\t<\/div>\n\t\t\t\t<\/div>\n\t\t\t\t<div class=\"elementor-element elementor-element-ee9f63d elementor-widget elementor-widget-image\" data-id=\"ee9f63d\" data-element_type=\"widget\" data-widget_type=\"image.default\">\n\t\t\t\t<div class=\"elementor-widget-container\">\n\t\t\t\t\t\t\t\t\t\t\t\t\t\t\t<img loading=\"lazy\" decoding=\"async\" width=\"768\" height=\"576\" src=\"https:\/\/www.extradesignblog.eu\/wp-content\/uploads\/2024\/02\/6-768x576.jpg\" class=\"attachment-medium_large size-medium_large wp-image-1145\" alt=\"Kov v interieri a kovove plochy v interieri, nerez, mosadz, bronz\" srcset=\"https:\/\/www.extradesignblog.eu\/wp-content\/uploads\/2024\/02\/6-768x576.jpg 768w, https:\/\/www.extradesignblog.eu\/wp-content\/uploads\/2024\/02\/6-300x225.jpg 300w, https:\/\/www.extradesignblog.eu\/wp-content\/uploads\/2024\/02\/6.jpg 1024w\" sizes=\"(max-width: 768px) 100vw, 768px\" \/>\t\t\t\t\t\t\t\t\t\t\t\t\t\t\t<\/div>\n\t\t\t\t<\/div>\n\t\t\t\t<div class=\"elementor-element elementor-element-9975bf3 elementor-widget elementor-widget-text-editor\" data-id=\"9975bf3\" data-element_type=\"widget\" data-widget_type=\"text-editor.default\">\n\t\t\t\t<div class=\"elementor-widget-container\">\n\t\t\t\t\t\t\t\t\t<p><\/p>\n<p style=\"text-align: right;\">1- skri\u0148a<a href=\"https:\/\/www.molteni.it\/en\/category\/wardrobes\" target=\"_blank\" rel=\"noopener\"> Molteni&amp;C<\/a> \/ 2- kovov\u00e9 stol\u00edky od <a href=\"https:\/\/101cph.com\/products\/pillar-table-low-brass\" target=\"_blank\" rel=\"noopener\">101CPH<\/a><\/p>\n<p><\/p>\t\t\t\t\t\t\t\t<\/div>\n\t\t\t\t<\/div>\n\t\t\t\t<div class=\"elementor-element elementor-element-20e73a1 elementor-widget elementor-widget-text-editor\" data-id=\"20e73a1\" data-element_type=\"widget\" data-widget_type=\"text-editor.default\">\n\t\t\t\t<div class=\"elementor-widget-container\">\n\t\t\t\t\t\t\t\t\t<h4>Odv\u00e1\u017ene farby<\/h4><h4><strong>\u00a0<\/strong><\/h4>\t\t\t\t\t\t\t\t<\/div>\n\t\t\t\t<\/div>\n\t\t\t\t<div class=\"elementor-element elementor-element-1c06ee8 elementor-widget elementor-widget-text-editor\" data-id=\"1c06ee8\" data-element_type=\"widget\" data-widget_type=\"text-editor.default\">\n\t\t\t\t<div class=\"elementor-widget-container\">\n\t\t\t\t\t\t\t\t\t<p><em>\u201c\u010co sa t\u00fdka farebnej palety, c\u00edtim skuto\u010dn\u00fd n\u00e1vrat naozajstn\u00fdch v\u00fdrazn\u00fdch farieb &#8211;\u00a0 pou\u017eime z\u00e1sah smaragdovej zelenej, \u017eltej alebo Yves Klein-ovskej modrej na podnietenie vizu\u00e1lnej energie.\u201c <a href=\"https:\/\/www.dezeen.com\/2024\/01\/05\/2024-interior-design-trends\/\" target=\"_blank\" rel=\"noopener\">Andr\u00e9 Fu pre Dezeen<\/a><\/em><\/p>\n<p><strong>Odv\u00e1\u017ene farby, ako jasn\u00e1 \u010derven\u00e1, elektrick\u00e1 modr\u00e1, zelen\u00e1, \u010di v\u00fdrazn\u00e1 oran\u017eov\u00e1 s\u00fa na vzostupe.<\/strong> Objavuj\u00fa sa nielen na men\u0161\u00edch kusoch, ako s\u00fa svietidl\u00e1 a\u00a0doplnky, ktor\u00fdmi vieme o\u017eivi\u0165 neutr\u00e1lny interi\u00e9r. Pre t\u00fdch odv\u00e1\u017enej\u0161\u00edch s\u00fa k\u00a0dispoz\u00edcii aj v\u00e4\u010d\u0161ie kusy n\u00e1bytku, koberce, tapety, \u010di cel\u00e9 interi\u00e9ry, ktor\u00e9 \u010derpaj\u00fa z\u00a0ozveny rokov minul\u00fdch a\u00a0eklekticky vn\u00e1\u0161aj\u00fa n\u00e1ladu 50-tych, 70-tych \u010di 80-tych rokov a do s\u00fa\u010dasn\u00fdch trendov.<\/p>\t\t\t\t\t\t\t\t<\/div>\n\t\t\t\t<\/div>\n\t\t\t\t<div class=\"elementor-element elementor-element-5d14bca elementor-widget elementor-widget-image\" data-id=\"5d14bca\" data-element_type=\"widget\" data-widget_type=\"image.default\">\n\t\t\t\t<div class=\"elementor-widget-container\">\n\t\t\t\t\t\t\t\t\t\t\t\t\t\t\t<img loading=\"lazy\" decoding=\"async\" width=\"768\" height=\"576\" src=\"https:\/\/www.extradesignblog.eu\/wp-content\/uploads\/2024\/02\/7-768x576.jpg\" class=\"attachment-medium_large size-medium_large wp-image-1141\" alt=\"\" srcset=\"https:\/\/www.extradesignblog.eu\/wp-content\/uploads\/2024\/02\/7-768x576.jpg 768w, https:\/\/www.extradesignblog.eu\/wp-content\/uploads\/2024\/02\/7-300x225.jpg 300w, https:\/\/www.extradesignblog.eu\/wp-content\/uploads\/2024\/02\/7.jpg 1024w\" sizes=\"(max-width: 768px) 100vw, 768px\" \/>\t\t\t\t\t\t\t\t\t\t\t\t\t\t\t<\/div>\n\t\t\t\t<\/div>\n\t\t\t\t<div class=\"elementor-element elementor-element-683e3af elementor-widget elementor-widget-text-editor\" data-id=\"683e3af\" data-element_type=\"widget\" data-widget_type=\"text-editor.default\">\n\t\t\t\t<div class=\"elementor-widget-container\">\n\t\t\t\t\t\t\t\t\t<p><\/p>\n<p style=\"text-align: right;\">1- stolov\u00e1 lampa Montera od <a href=\"https:\/\/www.andtradition.com\/products\/montera-jh42\" target=\"_blank\" rel=\"noopener\">&amp;Tradition<\/a> \/ 2 &#8211; konzola od <a href=\"https:\/\/www.tacchini.it\/en\/\" target=\"_blank\" rel=\"noopener\">Tacchini<\/a><\/p>\n<p><\/p>\t\t\t\t\t\t\t\t<\/div>\n\t\t\t\t<\/div>\n\t\t\t\t\t<\/div>\n\t\t\t\t<\/div>\n\t\t\t\t<\/div>","protected":false},"excerpt":{"rendered":"<p>N\u00e1\u0161 blog p\u00ed\u0161e nov\u00fa kapitolu! Je to tu!\u00a0 Ak n\u00e1s sledujete, na na\u0161ich str\u00e1nkach prin\u00e1\u0161ame dizajnov\u00e9 tipy, u\u017e nejak\u00fa dobu. Na\u0161a predstava v\u0161ak je, tieto tipy zatrakt\u00edvni\u0165 a\u00a0prin\u00e1\u0161a\u0165 relevantnej\u0161\u00ed obsah, ktor\u00fd dok\u00e1\u017ee reagova\u0165 na va\u0161e podnety. Ke\u010f\u017ee tento blog zaznamenal svoj prerod za\u010diatkom roka 2024, nie je pr\u00edzna\u010dnej\u0161ia t\u00e9ma na prv\u00fd pr\u00edspevok, ako predpovede na dizajnov\u00e9 trendy v interi\u00e9ri. A\u00a0dali sme si z\u00e1le\u017ea\u0165, prel\u00faskali sme nieko\u013eko svetov\u00fdch \u010dasopisov, blogov a\u00a0podnetov od svetov\u00fdch dizajn\u00e9rov, aby sme spojili to, \u010do najviac rezonuje a\u00a0pripravili tento pr\u00edspevok. Fotografia na titulke: n\u00e1bytok od Molteni-C Interi\u00e9rov\u00e9 trendy pre rok 2024 \u00a0 Quiet Luxury \u00a0 \u201eRovnak\u00fdm sp\u00f4sobom, ako si budujeme quiet luxury \u0161atn\u00edk, aj v\u00a0dizajne bude pokra\u010dova\u0165 trend kladenia d\u00f4razu na klasick\u00e9 investi\u010dn\u00e9 k\u00fasky, okolo ktor\u00fdch postupne vystav\u00e1te cel\u00fa izbu. K\u00fasky, ktor\u00e9 s\u00fa nad\u010dasov\u00e9, v\u00a0klasick\u00fdch tvaroch a\u00a0siluet\u00e1ch a\u00a0vedia \u017ei\u0165 ve\u013ea \u017eivotov alebo sa \u010dasom m\u00f4\u017eu prisp\u00f4sobi\u0165, napr\u00edklad pre\u010dal\u00fanen\u00edm.\u201c Jake Arnold pre Vogue Trend, ktor\u00fd sa najprv objavil v\u00a0oble\u010den\u00ed, vo ve\u013ekom prech\u00e1dza do sveta interi\u00e9ru. Charakterizuje ho kvalita l\u00e1tok, skuto\u010dn\u00e9 materi\u00e1ly a nad\u010dasov\u00e9 tvary n\u00e1bytku. V\u00a0luxusnom interi\u00e9ri predstavuje odklon od pr\u00edli\u0161nej ok\u00e1zalosti, glamouru a\u00a0neupozor\u0148uje na log\u00e1. Farebn\u00e1 paleta\u00a0 je sk\u00f4r neutr\u00e1lna, odtiene b\u00e9\u017eovej, hnedej, sivej. Pr\u00edpadn\u00e9 farby s\u00fa tlmen\u00e9 ako napr\u00edklad bordov\u00e1 alebo tmav\u00e1 zelen\u00e1. Vzory s\u00fa striedme, respekt\u00edve \u017eiadne. D\u00f4raz sa kladie na re\u00e1lny charakter pou\u017eit\u00e9ho materi\u00e1lu. Povolen\u00e9 s\u00fa vintage a zberate\u013esk\u00e9 k\u00fasky, rodinn\u00e9 zbierky, pr\u00edpadne retro kreslo po babi\u010dke pre\u010dal\u00fanen\u00e9 do luxusnej l\u00e1tky. 1 &amp; 2 fotografie Porada Origin\u00e1lne k\u00fasky \u00a0 \u201eBehom posledn\u00fdch rokov sa hlavn\u00e1 t\u00e9ma v dizajne rozv\u00edjala okolo zemit\u00fdch t\u00f3nov a\u00a0jednoduchosti prostredn\u00edctvom pou\u017e\u00edvania pr\u00edrodn\u00fdch materi\u00e1lov. K\u00fdm v\u00a0s\u00fa\u010dasnosti, predv\u00eddame zmenu smeru a\u00a0pr\u00edklon k\u00a0viac dekorat\u00edvnemu pr\u00edstupu, v\u00a0kontraste s\u00a0predch\u00e1dzaj\u00facim \u0161t\u00fdlom. Mysl\u00edme si, \u017ee t\u00e1to zmena je poh\u00e1\u0148an\u00e1 prevl\u00e1daj\u00facou t\u00fa\u017ebou po individualite a\u00a0sile seba-vyjadrenia v\u00a0s\u00fa\u010dasnej kult\u00fare.\u201c Iram Sultan pre Dezeen \u010ci sa jedn\u00e1 o\u00a0vintage, staro\u017eitnos\u0165, dizajn od lok\u00e1lnej firmy alebo objekt od umelca, hlavne pre\u010d od generick\u00fdch Pinterest objektov a\u00a0trendy Instagramov\u00fdch v\u00e1z. Rok 2024 vytv\u00e1ra priestor na vyjadrenie osobnosti v\u00a0interi\u00e9ri. Bez oh\u013eadu na to, \u010di je v\u00e1\u0161 \u0161t\u00fdl modern\u00fd, pr\u00edrodn\u00fd alebo extravagantn\u00fd, h\u013ead\u00e1me jeho vyjadrenie v\u00a0n\u00e1bytku, \u010dal\u00fanen\u00ed, tapet\u00e1ch a\u00a0dekora\u010dn\u00fdch objektoch ako keramika, ale aj vo funk\u010dn\u00fdch objektoch ako s\u00fa napr\u00edklad svietidl\u00e1. Nebojte sa vlastnej individuality a odv\u00e1\u017enej\u0161\u00edch rie\u0161en\u00ed. 1- dom v Poznani od dizajn\u00e9ra P.Kuchci\u0144skieho, publikovan\u00fd na Yellowtrace\u00a0 2- dom v Helsink\u00e1ch od dizajn\u00e9rky J.Bruun, publikovan\u00fd na Finnish Design Shop Tmav\u00e9 drevo a\u00a0dreven\u00e9 obklady \u00a0 \u201eMateri\u00e1ly ako shou sugi ban alebo dymov\u00fd dub bud\u00fa popul\u00e1rne v n\u00e1bytku a v mnohom \u010fal\u0161om.\u201c Lauren Moore pre Forbes Teplos\u0165, pohodlie a\u00a0t\u00fa\u017eba po \u00fatulnosti s\u00fa ve\u013ek\u00fdmi faktormi, pre\u010do sa tmav\u00e9 farby vracaj\u00fa do interi\u00e9rov. Tmav\u00e9 drevo \u2013 od stredne tmav\u00fdch dymov\u00fdch odtie\u0148ov po ve\u013emi tmav\u00e9 \u2013 prin\u00e1\u0161a do interi\u00e9ru ur\u010dit\u00fa honosnos\u0165 a\u00a0je odpove\u010fou na minimalistickej\u0161ie bled\u00e9 interi\u00e9ry. To samozrejme neznamen\u00e1, \u017ee interi\u00e9r mus\u00ed pripom\u00edna\u0165 horsk\u00fa chatu. S\u00a0tmav\u00fdm drevom vieme pracova\u0165 v\u00a0solit\u00e9rnych k\u00faskoch, \u010di pou\u017ei\u0165 kontrastn\u00fd obklad do inak bled\u00e9ho interi\u00e9ru. Comeback hl\u00e1sia aj dreven\u00e9 kuchyne. 1- kuchynsk\u00e1 linka od Nordiskakok\u00a0 2- solit\u00e9rny n\u00e1bytok Porada Tmav\u00e1 hned\u00e1 \u00a0 \u201cHned\u00e1 je skvel\u00e1 farba\u2014je ve\u013emi tepl\u00e1 a honosn\u00e1, a\u00a0je skvelo neutr\u00e1lna, \u013eahko sa kombinuje s\u00a0in\u00fdmi farbami,\u201d Alyssa Kapito pre Elle Decor Tmav\u00e1 hned\u00e1 zost\u00e1va aj pre rok 2024, dokonca Elle Decor ju naz\u00fdva Statement color of the Year. Dramatickos\u0165 je \u017eiad\u00faca, tmav\u00e9 drevo s\u00a0tmavou hnedou s\u00fa ten spr\u00e1vny dramatick\u00fd z\u00e1klad. S\u00a0hnedou sme u\u017e pracovali v\u00a0na\u0161ich dizajnov\u00fdch tipoch tu aj tu. 1- seda\u010dka Tacchini \/ 2- n\u00e1bytok Molteni&amp;C D\u00f4raz na podlahu \u00a0 \u201eVid\u00edme rast\u00faci trend, \u017ee klienti maj\u00fa viac v\u00a0ob\u013eube podlahu kladen\u00fa do vzorov, ru\u010dne tvoren\u00fa na mieru z\u00a0pl\u00e1tov kame\u0148a \u010di\u00a0mramoru, ktor\u00e9 spolu vytv\u00e1raj\u00fa zmes farieb a\u00a0text\u00far\u201c Donohoe-Church pre Australian Vogue K\u00fdm v\u00a0minul\u00fdch rokoch platilo, \u017ee podlaha zost\u00e1va sk\u00f4r neutr\u00e1lna, teraz plat\u00ed, \u017ee treba za\u010da\u0165 od podlahy a\u00a0to doslova. V\u00a0spojen\u00ed s\u00a0d\u00f4razom na prirodzen\u00e9 materi\u00e1ly, udr\u017eatelnos\u0165 a\u00a0quiet luxury kvalitu, na podlah\u00e1ch ne\u0161etr\u00edme. Okrem kamenn\u00fdch a\u00a0keramick\u00fdch podl\u00e1h, v\u00a0hre zost\u00e1va aj kvalitn\u00e1 dreven\u00e1 podlaha, ktor\u00fa vieme zdramatizova\u0165 kladen\u00edm do vzorov. V\u00a0ob\u013eube zost\u00e1va vzor chevron. A nesmieme zab\u00fada\u0165 na koberce. V\u00a0pr\u00edpade t\u00fdch kusov\u00fdch sa objavuj\u00fa v\u00fdraznej\u0161ie vzory, grafick\u00e9, \u010di flor\u00e1lne mot\u00edvy. Koberec sa st\u00e1va mo\u017enos\u0165ou ako vnies\u0165 do interi\u00e9ru osobitos\u0165. 1- Byt v Helsink\u00e1ch, publikovan\u00fd na Finnish Design Shop \/ 2- koberec od H&amp;M Home Kov \u00a0 \u201cNeodp\u00ed\u0161te hne\u010f kovov\u00e9 povrchy, len preto \u017ee si mysl\u00edte, \u017ee s\u00fa chladn\u00e9 a industri\u00e1lne. Mnoh\u00e9 realiz\u00e1cie n\u00e1m ukazuj\u00fa, \u017ee kov len reflektuje to, \u010do u\u017e je v interi\u00e9ri pou\u017eit\u00e9.\u201c David Michon pre Architectural Digest Kovov\u00e9 detaily a\u00a0povrchy nie s\u00fa v\u00a0interi\u00e9ri \u017eiadnou novinkou, ale nie s\u00fa ani na \u00fastupe. Naopak, vracaj\u00fa sa nerezov\u00e9 povrchy, na cel\u00fdch ploch\u00e1ch aj v\u00a0detailoch. Dobrou spr\u00e1vou pre v\u0161etk\u00fdch, ktor\u00fdm je nerez pr\u00edli\u0161 chladn\u00fd, je sofistikovanos\u0165 dne\u0161n\u00fdch materi\u00e1lov \u2013 v\u00a0ponuke v\u00fdrobcov s\u00fa tepl\u00e9 kovov\u00e9 odtiene, od bled\u0161\u00edch platinov\u00fdch po tmav\u0161ie bronzov\u00e9, nikel a tmav\u00fd nikel. N\u00e1vrat hl\u00e1si aj chr\u00f3m, predov\u0161etk\u00fdm v\u00a0dekorat\u00edvnych prvkoch. Kovy do interi\u00e9ru prid\u00e1vaj\u00fa vizu\u00e1lnu r\u00f4znorodos\u0165 a\u00a0text\u00faru a\u00a0robia tak priestor vnemovo bohat\u0161\u00ed. 1- skri\u0148a Molteni&amp;C \/ 2- kovov\u00e9 stol\u00edky od 101CPH Odv\u00e1\u017ene farby \u00a0 \u201c\u010co sa t\u00fdka farebnej palety, c\u00edtim skuto\u010dn\u00fd n\u00e1vrat naozajstn\u00fdch v\u00fdrazn\u00fdch farieb &#8211;\u00a0 pou\u017eime z\u00e1sah smaragdovej zelenej, \u017eltej alebo Yves Klein-ovskej modrej na podnietenie vizu\u00e1lnej energie.\u201c Andr\u00e9 Fu pre Dezeen Odv\u00e1\u017ene farby, ako jasn\u00e1 \u010derven\u00e1, elektrick\u00e1 modr\u00e1, zelen\u00e1, \u010di v\u00fdrazn\u00e1 oran\u017eov\u00e1 s\u00fa na vzostupe. Objavuj\u00fa sa nielen na men\u0161\u00edch kusoch, ako s\u00fa svietidl\u00e1 a\u00a0doplnky, ktor\u00fdmi vieme o\u017eivi\u0165 neutr\u00e1lny interi\u00e9r. Pre t\u00fdch odv\u00e1\u017enej\u0161\u00edch s\u00fa k\u00a0dispoz\u00edcii aj v\u00e4\u010d\u0161ie kusy n\u00e1bytku, koberce, tapety, \u010di cel\u00e9 interi\u00e9ry, ktor\u00e9 \u010derpaj\u00fa z\u00a0ozveny rokov minul\u00fdch a\u00a0eklekticky vn\u00e1\u0161aj\u00fa n\u00e1ladu 50-tych, 70-tych \u010di 80-tych rokov a do s\u00fa\u010dasn\u00fdch trendov. 1- stolov\u00e1 lampa Montera od &amp;Tradition \/ 2 &#8211; konzola od Tacchini<\/p>","protected":false},"author":1,"featured_media":791,"comment_status":"open","ping_status":"open","sticky":false,"template":"","format":"standard","meta":{"om_disable_all_campaigns":false,"_monsterinsights_skip_tracking":false,"_monsterinsights_sitenote_active":false,"_monsterinsights_sitenote_note":"","_monsterinsights_sitenote_category":0,"_uf_show_specific_survey":0,"_uf_disable_surveys":false,"footnotes":""},"categories":[5],"tags":[30,13,29],"class_list":["post-789","post","type-post","status-publish","format-standard","has-post-thumbnail","hentry","category-blog","tag-30","tag-interior","tag-trendy"],"aioseo_notices":[],"_links":{"self":[{"href":"https:\/\/www.extradesignblog.eu\/en\/wp-json\/wp\/v2\/posts\/789","targetHints":{"allow":["GET"]}}],"collection":[{"href":"https:\/\/www.extradesignblog.eu\/en\/wp-json\/wp\/v2\/posts"}],"about":[{"href":"https:\/\/www.extradesignblog.eu\/en\/wp-json\/wp\/v2\/types\/post"}],"author":[{"embeddable":true,"href":"https:\/\/www.extradesignblog.eu\/en\/wp-json\/wp\/v2\/users\/1"}],"replies":[{"embeddable":true,"href":"https:\/\/www.extradesignblog.eu\/en\/wp-json\/wp\/v2\/comments?post=789"}],"version-history":[{"count":6,"href":"https:\/\/www.extradesignblog.eu\/en\/wp-json\/wp\/v2\/posts\/789\/revisions"}],"predecessor-version":[{"id":1386,"href":"https:\/\/www.extradesignblog.eu\/en\/wp-json\/wp\/v2\/posts\/789\/revisions\/1386"}],"wp:featuredmedia":[{"embeddable":true,"href":"https:\/\/www.extradesignblog.eu\/en\/wp-json\/wp\/v2\/media\/791"}],"wp:attachment":[{"href":"https:\/\/www.extradesignblog.eu\/en\/wp-json\/wp\/v2\/media?parent=789"}],"wp:term":[{"taxonomy":"category","embeddable":true,"href":"https:\/\/www.extradesignblog.eu\/en\/wp-json\/wp\/v2\/categories?post=789"},{"taxonomy":"post_tag","embeddable":true,"href":"https:\/\/www.extradesignblog.eu\/en\/wp-json\/wp\/v2\/tags?post=789"}],"curies":[{"name":"wp","href":"https:\/\/api.w.org\/{rel}","templated":true}]}}