{"id":1903,"date":"2025-09-02T19:14:00","date_gmt":"2025-09-02T17:14:00","guid":{"rendered":"https:\/\/www.extradesignblog.eu\/?p=1903"},"modified":"2026-01-02T15:39:12","modified_gmt":"2026-01-02T14:39:12","slug":"interier-2-izboveho-bytu-v-novostavbe","status":"publish","type":"post","link":"https:\/\/www.extradesignblog.eu\/en\/2025\/09\/02\/interier-2-izboveho-bytu-v-novostavbe\/","title":{"rendered":"Comfortable living in a compact one-bedroom appartment"},"content":{"rendered":"<div data-elementor-type=\"wp-post\" data-elementor-id=\"1903\" class=\"elementor elementor-1903\">\n\t\t\t\t<div class=\"elementor-element elementor-element-319b568 e-flex e-con-boxed wpr-particle-no wpr-jarallax-no wpr-parallax-no wpr-sticky-section-no e-con e-parent\" data-id=\"319b568\" data-element_type=\"container\">\n\t\t\t\t\t<div class=\"e-con-inner\">\n\t\t\t\t<div class=\"elementor-element elementor-element-d1cafa4 elementor-widget elementor-widget-text-editor\" data-id=\"d1cafa4\" data-element_type=\"widget\" data-widget_type=\"text-editor.default\">\n\t\t\t\t<div class=\"elementor-widget-container\">\n\t\t\t\t\t\t\t\t\t<p><span class=\"wysiwyg-font-size-18\">Comfortable living in a smaller space.<\/span><\/p>\t\t\t\t\t\t\t\t<\/div>\n\t\t\t\t<\/div>\n\t\t<div class=\"elementor-element elementor-element-b611df1 e-con-full e-flex wpr-particle-no wpr-jarallax-no wpr-parallax-no wpr-sticky-section-no e-con e-child\" data-id=\"b611df1\" data-element_type=\"container\">\n\t\t\t\t<div class=\"elementor-element elementor-element-64f1b12 elementor-widget elementor-widget-text-editor\" data-id=\"64f1b12\" data-element_type=\"widget\" data-widget_type=\"text-editor.default\">\n\t\t\t\t<div class=\"elementor-widget-container\">\n\t\t\t\t\t\t\t\t\t<div class=\"x9f619 xjbqb8w x78zum5 x168nmei x13lgxp2 x5pf9jr xo71vjh xw3qccf x1n2onr6 x1plvlek xryxfnj x1c4vz4f x2lah0s xdt5ytf xqjyukv x1qjc9v5 x1oa3qoh x1nhvcw1\"><p><span class=\"wysiwyg-font-size-18\">What does it take to make a compact home feel truly comfortable? We had to resolve all essential storage needs, optimize the layout, and preserve a sense of comfort and well-being. <\/span><\/p><p><span class=\"wysiwyg-font-size-18\">We used <b>a wide range of natural materials, softer rounded forms, bespoke built-in furniture<\/b> and carefully selected statement pieces that reflect the client\u2019s personality. Each room was designed individually, yet they are all connected through a cohesive palette of colors, materials, and accessories.\u00a0<\/span>Wooden wall paneling and earthy grey-brown tones run throughout the interior, <b>giving the apartment a unified design language while allowing each space to retain its own character.<\/b><\/p><p><b>The space for the kitchen<\/b> was not particularly generous, but we managed to design the cabinetry in a way that allows for comfortable, efficient use with minimal compromise. Given the layout of the kitchen positioned between two walls, we decided to introduce an additional material into the space: ceramic tiles. These enrich the compact area with texture and add visual depth.<\/p><p>The same ceramic tiles were used in the bathroom, combined with small-format tiles. <b>The bathroom layout<\/b> allowed for very limited changes, and every element had to be designed with millimetre precision. Despite these constraints, we were able to incorporate a significant amount of storage, primarily through custom-made solutions. The small space was maximized and now feels pleasant, fresh, and highly functional.<\/p><\/div><p><!-- \/wp:paragraph --><\/p>\t\t\t\t\t\t\t\t<\/div>\n\t\t\t\t<\/div>\n\t\t\t\t<div class=\"elementor-element elementor-element-6273db8 elementor-widget elementor-widget-image\" data-id=\"6273db8\" data-element_type=\"widget\" data-widget_type=\"image.default\">\n\t\t\t\t<div class=\"elementor-widget-container\">\n\t\t\t\t\t\t\t\t\t\t\t\t\t\t\t<img fetchpriority=\"high\" decoding=\"async\" width=\"960\" height=\"720\" src=\"https:\/\/www.extradesignblog.eu\/wp-content\/uploads\/2025\/09\/43-06-FINAL-kuchyna-1024x768.png\" class=\"attachment-large size-large wp-image-1974\" alt=\"N\u00e1vrh interi\u00e9ru dvoj-izbov\u00fd byt, Bratislava\" srcset=\"https:\/\/www.extradesignblog.eu\/wp-content\/uploads\/2025\/09\/43-06-FINAL-kuchyna-1024x768.png 1024w, https:\/\/www.extradesignblog.eu\/wp-content\/uploads\/2025\/09\/43-06-FINAL-kuchyna-300x225.png 300w, https:\/\/www.extradesignblog.eu\/wp-content\/uploads\/2025\/09\/43-06-FINAL-kuchyna-768x576.png 768w, https:\/\/www.extradesignblog.eu\/wp-content\/uploads\/2025\/09\/43-06-FINAL-kuchyna-16x12.png 16w, https:\/\/www.extradesignblog.eu\/wp-content\/uploads\/2025\/09\/43-06-FINAL-kuchyna.png 1158w\" sizes=\"(max-width: 960px) 100vw, 960px\" \/>\t\t\t\t\t\t\t\t\t\t\t\t\t\t\t<\/div>\n\t\t\t\t<\/div>\n\t\t\t\t<div class=\"elementor-element elementor-element-7e7004a elementor-widget elementor-widget-text-editor\" data-id=\"7e7004a\" data-element_type=\"widget\" data-widget_type=\"text-editor.default\">\n\t\t\t\t<div class=\"elementor-widget-container\">\n\t\t\t\t\t\t\t\t\t<div class=\"x9f619 xjbqb8w x78zum5 x168nmei x13lgxp2 x5pf9jr xo71vjh xw3qccf x1n2onr6 x1plvlek xryxfnj x1c4vz4f x2lah0s xdt5ytf xqjyukv x1qjc9v5 x1oa3qoh x1nhvcw1\">\n<p class=\"_ap3a _aaco _aacu _aacx _aad7 _aade\">In the bedroom, we incorporated a variety of natural materials such as<b> linen wallpaper, a soft rug, fabrics, and upholstery with natural fibres, which soften the space and enhance the feeling of comfort. <\/b>The design also includes a narrow vanity table with practical drawers, creating an additional zone that can <b>be used as a home office.<\/b>Both in the bedroom and throughout the apartment, we introduced several designer statement pieces that reflect the client\u2019s taste and<b> add a sense of individuality<\/b> and subtle luxury.\u00a0<\/p>\n<p class=\"_ap3a _aaco _aacu _aacx _aad7 _aade\">Last but not least, we focused on the design of the entrance hall, which always creates the first impression of a home. The open, compact floor plan means that the hallway is visible from most of the apartment and remains an integral visual part of the interior. This also required concealing the electrical cabinet near the entrance door.\u00a0<b>The arched wall details are therefore not purely decorative -<\/b>as they serve a functional purpose by hiding elements we prefer not to see. Naturally, <b>the flooring plays a key role here.<\/b>The distinctive marble tile acts as a jewel that visually separates the entrance zone from the rest of the interior and gives the space a unique character.<\/p>\n<\/div>\n<p><!-- \/wp:paragraph --><\/p>\t\t\t\t\t\t\t\t<\/div>\n\t\t\t\t<\/div>\n\t\t\t\t<div class=\"elementor-element elementor-element-efe6a26 elementor-widget elementor-widget-image\" data-id=\"efe6a26\" data-element_type=\"widget\" data-widget_type=\"image.default\">\n\t\t\t\t<div class=\"elementor-widget-container\">\n\t\t\t\t\t\t\t\t\t\t\t\t\t\t\t<img decoding=\"async\" width=\"960\" height=\"720\" src=\"https:\/\/www.extradesignblog.eu\/wp-content\/uploads\/2025\/09\/43-26B-FINAL-kuchyna-1024x768.png\" class=\"attachment-large size-large wp-image-1982\" alt=\"N\u00e1vrh interi\u00e9ru dvoj-izbov\u00fd byt, Bratislava\" srcset=\"https:\/\/www.extradesignblog.eu\/wp-content\/uploads\/2025\/09\/43-26B-FINAL-kuchyna-1024x768.png 1024w, https:\/\/www.extradesignblog.eu\/wp-content\/uploads\/2025\/09\/43-26B-FINAL-kuchyna-300x225.png 300w, https:\/\/www.extradesignblog.eu\/wp-content\/uploads\/2025\/09\/43-26B-FINAL-kuchyna-768x576.png 768w, https:\/\/www.extradesignblog.eu\/wp-content\/uploads\/2025\/09\/43-26B-FINAL-kuchyna-16x12.png 16w, https:\/\/www.extradesignblog.eu\/wp-content\/uploads\/2025\/09\/43-26B-FINAL-kuchyna.png 1287w\" sizes=\"(max-width: 960px) 100vw, 960px\" \/>\t\t\t\t\t\t\t\t\t\t\t\t\t\t\t<\/div>\n\t\t\t\t<\/div>\n\t\t<div class=\"elementor-element elementor-element-e170c7b e-grid e-con-full wpr-particle-no wpr-jarallax-no wpr-parallax-no wpr-sticky-section-no e-con e-child\" data-id=\"e170c7b\" data-element_type=\"container\">\n\t\t\t\t<div class=\"elementor-element elementor-element-9672957 elementor-widget elementor-widget-image\" data-id=\"9672957\" data-element_type=\"widget\" data-widget_type=\"image.default\">\n\t\t\t\t<div class=\"elementor-widget-container\">\n\t\t\t\t\t\t\t\t\t\t\t\t\t\t\t<img decoding=\"async\" width=\"960\" height=\"720\" src=\"https:\/\/www.extradesignblog.eu\/wp-content\/uploads\/2025\/09\/43-23-JPG-FINAL-spalna-1024x768.png\" class=\"attachment-large size-large wp-image-1981\" alt=\"N\u00e1vrh interi\u00e9ru dvoj-izbov\u00fd byt, Bratislava\" srcset=\"https:\/\/www.extradesignblog.eu\/wp-content\/uploads\/2025\/09\/43-23-JPG-FINAL-spalna-1024x768.png 1024w, https:\/\/www.extradesignblog.eu\/wp-content\/uploads\/2025\/09\/43-23-JPG-FINAL-spalna-300x225.png 300w, https:\/\/www.extradesignblog.eu\/wp-content\/uploads\/2025\/09\/43-23-JPG-FINAL-spalna-768x576.png 768w, https:\/\/www.extradesignblog.eu\/wp-content\/uploads\/2025\/09\/43-23-JPG-FINAL-spalna-16x12.png 16w, https:\/\/www.extradesignblog.eu\/wp-content\/uploads\/2025\/09\/43-23-JPG-FINAL-spalna.png 1499w\" sizes=\"(max-width: 960px) 100vw, 960px\" \/>\t\t\t\t\t\t\t\t\t\t\t\t\t\t\t<\/div>\n\t\t\t\t<\/div>\n\t\t\t\t<div class=\"elementor-element elementor-element-c395410 elementor-widget elementor-widget-image\" data-id=\"c395410\" data-element_type=\"widget\" data-widget_type=\"image.default\">\n\t\t\t\t<div class=\"elementor-widget-container\">\n\t\t\t\t\t\t\t\t\t\t\t\t\t\t\t<img loading=\"lazy\" decoding=\"async\" width=\"960\" height=\"720\" src=\"https:\/\/www.extradesignblog.eu\/wp-content\/uploads\/2025\/09\/43-22-FINAL-spalna-1024x768.png\" class=\"attachment-large size-large wp-image-1980\" alt=\"N\u00e1vrh interi\u00e9ru dvoj-izbov\u00fd byt, Bratislava\" srcset=\"https:\/\/www.extradesignblog.eu\/wp-content\/uploads\/2025\/09\/43-22-FINAL-spalna-1024x768.png 1024w, https:\/\/www.extradesignblog.eu\/wp-content\/uploads\/2025\/09\/43-22-FINAL-spalna-300x225.png 300w, https:\/\/www.extradesignblog.eu\/wp-content\/uploads\/2025\/09\/43-22-FINAL-spalna-768x576.png 768w, https:\/\/www.extradesignblog.eu\/wp-content\/uploads\/2025\/09\/43-22-FINAL-spalna-16x12.png 16w, https:\/\/www.extradesignblog.eu\/wp-content\/uploads\/2025\/09\/43-22-FINAL-spalna.png 1500w\" sizes=\"(max-width: 960px) 100vw, 960px\" \/>\t\t\t\t\t\t\t\t\t\t\t\t\t\t\t<\/div>\n\t\t\t\t<\/div>\n\t\t\t\t<div class=\"elementor-element elementor-element-43d4fbb elementor-widget elementor-widget-image\" data-id=\"43d4fbb\" data-element_type=\"widget\" data-widget_type=\"image.default\">\n\t\t\t\t<div class=\"elementor-widget-container\">\n\t\t\t\t\t\t\t\t\t\t\t\t\t\t\t<img loading=\"lazy\" decoding=\"async\" width=\"960\" height=\"720\" src=\"https:\/\/www.extradesignblog.eu\/wp-content\/uploads\/2025\/09\/43-18-FINAL-chodba-1024x768.png\" class=\"attachment-large size-large wp-image-1978\" alt=\"N\u00e1vrh interi\u00e9ru dvoj-izbov\u00fd byt, Bratislava\" srcset=\"https:\/\/www.extradesignblog.eu\/wp-content\/uploads\/2025\/09\/43-18-FINAL-chodba-1024x768.png 1024w, https:\/\/www.extradesignblog.eu\/wp-content\/uploads\/2025\/09\/43-18-FINAL-chodba-300x225.png 300w, https:\/\/www.extradesignblog.eu\/wp-content\/uploads\/2025\/09\/43-18-FINAL-chodba-768x576.png 768w, https:\/\/www.extradesignblog.eu\/wp-content\/uploads\/2025\/09\/43-18-FINAL-chodba-16x12.png 16w, https:\/\/www.extradesignblog.eu\/wp-content\/uploads\/2025\/09\/43-18-FINAL-chodba.png 1415w\" sizes=\"(max-width: 960px) 100vw, 960px\" \/>\t\t\t\t\t\t\t\t\t\t\t\t\t\t\t<\/div>\n\t\t\t\t<\/div>\n\t\t\t\t<div class=\"elementor-element elementor-element-a85486a elementor-widget elementor-widget-image\" data-id=\"a85486a\" data-element_type=\"widget\" data-widget_type=\"image.default\">\n\t\t\t\t<div class=\"elementor-widget-container\">\n\t\t\t\t\t\t\t\t\t\t\t\t\t\t\t<img loading=\"lazy\" decoding=\"async\" width=\"959\" height=\"719\" src=\"https:\/\/www.extradesignblog.eu\/wp-content\/uploads\/2025\/09\/43-05-FINAL-kuchyna.png\" class=\"attachment-large size-large wp-image-1973\" alt=\"N\u00e1vrh interi\u00e9ru dvoj-izbov\u00fd byt, Bratislava\" srcset=\"https:\/\/www.extradesignblog.eu\/wp-content\/uploads\/2025\/09\/43-05-FINAL-kuchyna.png 959w, https:\/\/www.extradesignblog.eu\/wp-content\/uploads\/2025\/09\/43-05-FINAL-kuchyna-300x225.png 300w, https:\/\/www.extradesignblog.eu\/wp-content\/uploads\/2025\/09\/43-05-FINAL-kuchyna-768x576.png 768w, https:\/\/www.extradesignblog.eu\/wp-content\/uploads\/2025\/09\/43-05-FINAL-kuchyna-16x12.png 16w\" sizes=\"(max-width: 959px) 100vw, 959px\" \/>\t\t\t\t\t\t\t\t\t\t\t\t\t\t\t<\/div>\n\t\t\t\t<\/div>\n\t\t\t\t<div class=\"elementor-element elementor-element-171f117 elementor-widget elementor-widget-image\" data-id=\"171f117\" data-element_type=\"widget\" data-widget_type=\"image.default\">\n\t\t\t\t<div class=\"elementor-widget-container\">\n\t\t\t\t\t\t\t\t\t\t\t\t\t\t\t<img loading=\"lazy\" decoding=\"async\" width=\"960\" height=\"719\" src=\"https:\/\/www.extradesignblog.eu\/wp-content\/uploads\/2025\/09\/43-12-FINAL-kupelna-1024x767.png\" class=\"attachment-large size-large wp-image-1976\" alt=\"N\u00e1vrh interi\u00e9ru dvoj-izbov\u00fd byt, Bratislava\" srcset=\"https:\/\/www.extradesignblog.eu\/wp-content\/uploads\/2025\/09\/43-12-FINAL-kupelna-1024x767.png 1024w, https:\/\/www.extradesignblog.eu\/wp-content\/uploads\/2025\/09\/43-12-FINAL-kupelna-300x225.png 300w, https:\/\/www.extradesignblog.eu\/wp-content\/uploads\/2025\/09\/43-12-FINAL-kupelna-768x576.png 768w, https:\/\/www.extradesignblog.eu\/wp-content\/uploads\/2025\/09\/43-12-FINAL-kupelna-16x12.png 16w, https:\/\/www.extradesignblog.eu\/wp-content\/uploads\/2025\/09\/43-12-FINAL-kupelna.png 1425w\" sizes=\"(max-width: 960px) 100vw, 960px\" \/>\t\t\t\t\t\t\t\t\t\t\t\t\t\t\t<\/div>\n\t\t\t\t<\/div>\n\t\t\t\t<div class=\"elementor-element elementor-element-2170291 elementor-widget elementor-widget-image\" data-id=\"2170291\" data-element_type=\"widget\" data-widget_type=\"image.default\">\n\t\t\t\t<div class=\"elementor-widget-container\">\n\t\t\t\t\t\t\t\t\t\t\t\t\t\t\t<img loading=\"lazy\" decoding=\"async\" width=\"960\" height=\"721\" src=\"https:\/\/www.extradesignblog.eu\/wp-content\/uploads\/2025\/09\/43-15C-FINAL-kupelna-1024x769.png\" class=\"attachment-large size-large wp-image-1977\" alt=\"N\u00e1vrh interi\u00e9ru dvoj-izbov\u00fd byt, Bratislava\" srcset=\"https:\/\/www.extradesignblog.eu\/wp-content\/uploads\/2025\/09\/43-15C-FINAL-kupelna-1024x769.png 1024w, https:\/\/www.extradesignblog.eu\/wp-content\/uploads\/2025\/09\/43-15C-FINAL-kupelna-300x225.png 300w, https:\/\/www.extradesignblog.eu\/wp-content\/uploads\/2025\/09\/43-15C-FINAL-kupelna-768x577.png 768w, https:\/\/www.extradesignblog.eu\/wp-content\/uploads\/2025\/09\/43-15C-FINAL-kupelna-16x12.png 16w, https:\/\/www.extradesignblog.eu\/wp-content\/uploads\/2025\/09\/43-15C-FINAL-kupelna.png 1180w\" sizes=\"(max-width: 960px) 100vw, 960px\" \/>\t\t\t\t\t\t\t\t\t\t\t\t\t\t\t<\/div>\n\t\t\t\t<\/div>\n\t\t\t\t<\/div>\n\t\t\t\t<div class=\"elementor-element elementor-element-c1cd846 elementor-widget elementor-widget-heading\" data-id=\"c1cd846\" data-element_type=\"widget\" data-widget_type=\"heading.default\">\n\t\t\t\t<div class=\"elementor-widget-container\">\n\t\t\t\t\t<h3 class=\"elementor-heading-title elementor-size-default\">Let\u2019s Work Together<\/h3>\t\t\t\t<\/div>\n\t\t\t\t<\/div>\n\t\t\t\t<div class=\"elementor-element elementor-element-2ace303 elementor-widget elementor-widget-text-editor\" data-id=\"2ace303\" data-element_type=\"widget\" data-widget_type=\"text-editor.default\">\n\t\t\t\t<div class=\"elementor-widget-container\">\n\t\t\t\t\t\t\t\t\t<div class=\"x9f619 xjbqb8w x78zum5 x168nmei x13lgxp2 x5pf9jr xo71vjh xw3qccf x1n2onr6 x1plvlek xryxfnj x1c4vz4f x2lah0s xdt5ytf xqjyukv x1qjc9v5 x1oa3qoh x1nhvcw1\">\n<div class=\"x9f619 xjbqb8w x78zum5 x168nmei x13lgxp2 x5pf9jr xo71vjh xw3qccf x1n2onr6 x1plvlek xryxfnj x1c4vz4f x2lah0s xdt5ytf xqjyukv x1qjc9v5 x1oa3qoh x1nhvcw1\">\n<p><strong>Looking for a unique interior designed just for you?<\/strong>\u00a0Send us your floor plan or a brief description of your project via email or the contact form\u00a0<a href=\"https:\/\/www.extradesignblog.eu\/en\/contact\/\" target=\"_blank\" rel=\"noopener\">HERE<\/a>.<\/p>\n<\/div>\n<\/div>\n<p><!-- \/wp:paragraph --><\/p>\t\t\t\t\t\t\t\t<\/div>\n\t\t\t\t<\/div>\n\t\t\t\t<\/div>\n\t\t\t\t\t<\/div>\n\t\t\t\t<\/div>\n\t\t\t\t<\/div>","protected":false},"excerpt":{"rendered":"<p>Pr\u00edjemn\u00e9 b\u00fdvanie na men\u0161ej ploche. \u010co to pre n\u00e1s znamenalo? Vyrie\u0161i\u0165 v\u0161etky d\u00f4le\u017eit\u00e9 \u00falo\u017en\u00e9 priestory, zefekt\u00edvni\u0165 dispoz\u00edciu a zachova\u0165 pocit pohodlia a pohody. Pou\u017eili sme mno\u017estvo pr\u00edrodn\u00fdch materi\u00e1lov, oblej\u0161ie tvary, vstavan\u00e9 n\u00e1bytky na mieru a vybrali sme solit\u00e9rne prvky, ktor\u00e9 vystihuj\u00fa klienta.\u00a0Ka\u017ed\u00e1 miestnos\u0165 je rie\u0161en\u00e1 osobitne, ale z\u00e1rove\u0148 spolu s\u00favisia prostredn\u00edctvom farieb, materi\u00e1lov a doplnkov.\u00a0Dreven\u00fd obklad a zemit\u00fd t\u00f3n \u0161edo-hnedej sa nesie cel\u00fdm interi\u00e9rom. Byt si tak zachov\u00e1va jeden rukopis, ale ka\u017ed\u00e1 miestnos\u0165 m\u00e1 svoj charakter. Priestor na kuchynsk\u00fa linku sa nevyzna\u010doval priestrannos\u0165ou, ale podarilo sa n\u00e1m navrhn\u00fa\u0165 linku tak, aby fungovanie v kuchyni bolo pohodln\u00e9 a v z\u00e1sade bez v\u00e4\u010d\u0161\u00edch kompromisov. Vr\u00e1tane dostatku \u00falo\u017en\u00e9ho priestoru.\u00a0Vzh\u013eadom na dispoz\u00edciu linky medzi &#8222;dvomi m\u00farmi&#8220;, rozhodnutie padlo vnies\u0165 do tohto priestoru \u010fal\u0161\u00ed materi\u00e1l &#8211; keramick\u00fd obklad. Ten obohacuje men\u0161\u00ed priestor o text\u00faru, v\u010faka \u010domu prid\u00e1va optick\u00fa h\u013abku. Rovnak\u00fd keramick\u00fd obklad sme pou\u017eili v k\u00fape\u013eni v kombin\u00e1cii s malo-form\u00e1tov\u00fdm obkladom. P\u00f4dorys k\u00fape\u013ene nedovolil ve\u013ea zmien a ka\u017ed\u00fd prvok musel by\u0165 navrhnut\u00fd na milimeter. Napriek tomu sa n\u00e1m podarilo umiestni\u0165 ve\u013ea \u00falo\u017en\u00fdch priestorov, hlavne v\u010faka rie\u0161eniam na mieru. Mal\u00fd priestor sa zhodnotil a p\u00f4sob\u00ed pr\u00edjemne, fresh a \u00fa\u010delne z\u00e1rove\u0148. V sp\u00e1lni sme do n\u00e1vrhu sme zapojili ve\u013ea pr\u00edrodnych materi\u00e1lov, ako \u013eanov\u00e9 tapety, koberec, l\u00e1tky a \u010dal\u00fanenie s pr\u00edrodn\u00fdmi vl\u00e1knami, ktor\u00e9\u00a0 zm\u00e4k\u010dia priestor a prid\u00e1vaj\u00fa na pocite pohody. Do n\u00e1vrhu sp\u00e1lne sme zakomponovali u\u017e\u0161\u00ed toaletn\u00fd stol\u00edk s praktick\u00fdmi z\u00e1suvkami. Klientovi tak vznikla \u010fal\u0161ia z\u00f3na v byte, ktor\u00fa vie vyu\u017ei\u0165 ako dom\u00e1cu pracov\u0148u. Ako v sp\u00e1lni , tak aj v celom byte sme pou\u017eili p\u00e1r dizajnov\u00fdch solit\u00e9rov, ktor\u00e9 vystihuj\u00fa vkus klienta a dodali interi\u00e9ru n\u00e1dych osobitosti aj luxusu.\u00a0 Rozhodne v neposlednom rade sme sa venovali n\u00e1vrhu chodby, ktor\u00e1 tvor\u00ed v\u017edy prv\u00fd dojem z b\u00fdvania.\u00a0Otvoren\u00fd men\u0161\u00ed p\u00f4dorys znamenal, \u017ee chodbu vn\u00edmate z cel\u00e9ho bytu a je st\u00e1le vizu\u00e1lnou s\u00fa\u010das\u0165ou interi\u00e9ru. V tomto pr\u00edpade to znamenalo aj zakry\u0165 elektro-skri\u0148u pri vstupn\u00fdch dver\u00e1ch.\u00a0Obl\u00fa\u010diky na stene teda nie s\u00fa len dekorat\u00edvne, ale vyrie\u0161ili sme nimi probl\u00e9m ako schova\u0165 to, \u010do si ne\u017eel\u00e1me vidie\u0165. Samozrejme pr\u00edm hr\u00e1 podlaha. V\u00fdrazn\u00e1 mramorov\u00e1 dla\u017eba je \u0161perkom, ktor\u00fd vizu\u00e1lne odde\u013euje z\u00f3nu vstupu od zvy\u0161ku interi\u00e9ru a dod\u00e1va interi\u00e9ru \u0161pecifick\u00fd charakter. Pracujte s nami Aj V\u00e1m navrhneme v\u00fdnimo\u010dn\u00fd interi\u00e9r na mieru.\u00a0Po\u0161lite n\u00e1m p\u00f4dorys alebo rozsah po\u017eiadavky na mail, kontaktn\u00fd formul\u00e1r\u00a0TU.<\/p>","protected":false},"author":1,"featured_media":1983,"comment_status":"closed","ping_status":"closed","sticky":false,"template":"","format":"standard","meta":{"om_disable_all_campaigns":false,"_monsterinsights_skip_tracking":false,"_monsterinsights_sitenote_active":false,"_monsterinsights_sitenote_note":"","_monsterinsights_sitenote_category":0,"_uf_show_specific_survey":0,"_uf_disable_surveys":false,"footnotes":""},"categories":[8],"tags":[26,74,73,75,76],"class_list":["post-1903","post","type-post","status-publish","format-standard","has-post-thumbnail","hentry","category-navrhinterieru","tag-kuchyna","tag-kupelna","tag-navrh-interieru-2","tag-spalna","tag-vstupna-chodba"],"aioseo_notices":[],"_links":{"self":[{"href":"https:\/\/www.extradesignblog.eu\/en\/wp-json\/wp\/v2\/posts\/1903","targetHints":{"allow":["GET"]}}],"collection":[{"href":"https:\/\/www.extradesignblog.eu\/en\/wp-json\/wp\/v2\/posts"}],"about":[{"href":"https:\/\/www.extradesignblog.eu\/en\/wp-json\/wp\/v2\/types\/post"}],"author":[{"embeddable":true,"href":"https:\/\/www.extradesignblog.eu\/en\/wp-json\/wp\/v2\/users\/1"}],"replies":[{"embeddable":true,"href":"https:\/\/www.extradesignblog.eu\/en\/wp-json\/wp\/v2\/comments?post=1903"}],"version-history":[{"count":6,"href":"https:\/\/www.extradesignblog.eu\/en\/wp-json\/wp\/v2\/posts\/1903\/revisions"}],"predecessor-version":[{"id":2107,"href":"https:\/\/www.extradesignblog.eu\/en\/wp-json\/wp\/v2\/posts\/1903\/revisions\/2107"}],"wp:featuredmedia":[{"embeddable":true,"href":"https:\/\/www.extradesignblog.eu\/en\/wp-json\/wp\/v2\/media\/1983"}],"wp:attachment":[{"href":"https:\/\/www.extradesignblog.eu\/en\/wp-json\/wp\/v2\/media?parent=1903"}],"wp:term":[{"taxonomy":"category","embeddable":true,"href":"https:\/\/www.extradesignblog.eu\/en\/wp-json\/wp\/v2\/categories?post=1903"},{"taxonomy":"post_tag","embeddable":true,"href":"https:\/\/www.extradesignblog.eu\/en\/wp-json\/wp\/v2\/tags?post=1903"}],"curies":[{"name":"wp","href":"https:\/\/api.w.org\/{rel}","templated":true}]}}